{"id":652036,"date":"2026-01-09T16:24:11","date_gmt":"2026-01-09T16:24:11","guid":{"rendered":"https:\/\/www.europesays.com\/fr\/652036\/"},"modified":"2026-01-09T16:24:11","modified_gmt":"2026-01-09T16:24:11","slug":"des-agriculteurs-francais-et-allemands-bloquent-le-pont-de-leurope-a-strasbourg","status":"publish","type":"post","link":"https:\/\/www.europesays.com\/fr\/652036\/","title":{"rendered":"des agriculteurs fran\u00e7ais et allemands bloquent le pont de l&rsquo;Europe \u00e0 Strasbourg"},"content":{"rendered":"<p>&#13;<br \/>\n\t\t\t\t\t\t\t\t\t\t\t\tPar Jean-Marc Loos, J\u00e9r\u00f4me Stumb\u00e9&#13;<br \/>\n\t\t\t\t\t\t\t\t\t\t\t\t&#13;<br \/>\n\t\t\t\t\t\t\tPubli\u00e9&#13;<br \/>\n\t\t\t\t\t\t\t\t\t\t\t\t\t\t\taujourd&rsquo;hui \u00e0 15:00&#13;<br \/>\n\t\t\t\t\t\t\t&#13;<br \/>\n\t\t\t\t\t\t\t&#8211; Temps de lecture : &#13;<br \/>\n\t\t\t\t\t\t&#13;\n\t\t\t\t\t<\/p>\n<p>\u00c0 l\u2019appel de la Coordination rurale, des agriculteurs ont d\u00e9fil\u00e9 dans Strasbourg ce vendredi 9 janvier au matin avant de rejoindre des coll\u00e8gues allemands au niveau du pont de l&rsquo;Europe, qui relie Strasbourg \u00e0 Kehl.<\/p>\n","protected":false},"excerpt":{"rendered":"&#13; Par Jean-Marc Loos, J\u00e9r\u00f4me Stumb\u00e9&#13; &#13; Publi\u00e9&#13; aujourd&rsquo;hui \u00e0 15:00&#13; &#13; &#8211; Temps de lecture : &#13;&hellip;\n","protected":false},"author":2,"featured_media":652037,"comment_status":"","ping_status":"","sticky":false,"template":"","format":"standard","meta":{"footnotes":""},"categories":[2820],"tags":[1111,11,1777,674,1011,27,775,12,25,640],"class_list":{"0":"post-652036","1":"post","2":"type-post","3":"status-publish","4":"format-standard","5":"has-post-thumbnail","7":"category-strasbourg","8":"tag-actu","9":"tag-actualites","10":"tag-eu","11":"tag-europe","12":"tag-fr","13":"tag-france","14":"tag-grand-est","15":"tag-news","16":"tag-republique-francaise","17":"tag-strasbourg"},"share_on_mastodon":{"url":"https:\/\/pubeurope.com\/@fr\/115866072864493275","error":""},"_links":{"self":[{"href":"https:\/\/www.europesays.com\/fr\/wp-json\/wp\/v2\/posts\/652036","targetHints":{"allow":["GET"]}}],"collection":[{"href":"https:\/\/www.europesays.com\/fr\/wp-json\/wp\/v2\/posts"}],"about":[{"href":"https:\/\/www.europesays.com\/fr\/wp-json\/wp\/v2\/types\/post"}],"author":[{"embeddable":true,"href":"https:\/\/www.europesays.com\/fr\/wp-json\/wp\/v2\/users\/2"}],"replies":[{"embeddable":true,"href":"https:\/\/www.europesays.com\/fr\/wp-json\/wp\/v2\/comments?post=652036"}],"version-history":[{"count":0,"href":"https:\/\/www.europesays.com\/fr\/wp-json\/wp\/v2\/posts\/652036\/revisions"}],"wp:featuredmedia":[{"embeddable":true,"href":"https:\/\/www.europesays.com\/fr\/wp-json\/wp\/v2\/media\/652037"}],"wp:attachment":[{"href":"https:\/\/www.europesays.com\/fr\/wp-json\/wp\/v2\/media?parent=652036"}],"wp:term":[{"taxonomy":"category","embeddable":true,"href":"https:\/\/www.europesays.com\/fr\/wp-json\/wp\/v2\/categories?post=652036"},{"taxonomy":"post_tag","embeddable":true,"href":"https:\/\/www.europesays.com\/fr\/wp-json\/wp\/v2\/tags?post=652036"}],"curies":[{"name":"wp","href":"https:\/\/api.w.org\/{rel}","templated":true}]}}