{"id":652050,"date":"2026-01-09T16:31:09","date_gmt":"2026-01-09T16:31:09","guid":{"rendered":"https:\/\/www.europesays.com\/fr\/652050\/"},"modified":"2026-01-09T16:31:09","modified_gmt":"2026-01-09T16:31:09","slug":"toulouse-une-cycliste-violemment-frappee-a-coups-de-canne-apres-une-altercation-avec-une-pietonne","status":"publish","type":"post","link":"https:\/\/www.europesays.com\/fr\/652050\/","title":{"rendered":"Toulouse. Une cycliste violemment frapp\u00e9e \u00e0 coups de canne, apr\u00e8s une altercation avec une pi\u00e9tonne"},"content":{"rendered":"<p>                    Par<br \/>\n        <strong><br \/>\n            <a href=\"https:\/\/actu.fr\/auteur\/lea-afonso\" title=\"Consulter tous les articles de L\u00e9a Afonso\" target=\"_blank\" rel=\"noopener\">L\u00e9a Afonso<\/a><br \/>\n                    <\/strong><\/p>\n<p>        Publi\u00e9 le<\/p>\n<p>            9 janv. 2026 \u00e0 16h07        <\/p>\n<p>Une violente altercation s\u2019est produite ce jeudi 8 janvier 2026, en d\u00e9but d\u2019apr\u00e8s-midi, \u00e0 <a href=\"https:\/\/actu.fr\/toulouse\/\" target=\"_blank\" rel=\"noopener\">Toulouse<\/a>. Une cycliste a \u00e9t\u00e9 <strong>agress\u00e9e \u00e0 grands coups de canne<\/strong> par une pi\u00e9tonne, rue des Abeilles, apr\u00e8s un diff\u00e9rend sur la chauss\u00e9e.<\/p>\n<p>De nombreux coups port\u00e9s<\/p>\n<p class=\" wall-content\">Les faits se sont d\u00e9roul\u00e9s aux alentours de 14 heures. Alors qu\u2019une<strong> quinquag\u00e9naire traversait un passage pi\u00e9ton,<\/strong> aid\u00e9e d\u2019une canne, une cycliste l\u2019aurait fr\u00f4l\u00e9e \u00ab d\u2019un peu trop pr\u00e8s \u00bb, selon une source proche du dossier. Un geste qui aurait provoqu\u00e9 la col\u00e8re de la pi\u00e9tonne.<\/p>\n<p class=\" wall-content\">Visiblement \u00e9nerv\u00e9e, la quinquag\u00e9naire s\u2019en est alors prise \u00e0 la cycliste de 45 ans, lui ass\u00e9nant <strong>plusieurs coups de canne.<\/strong> La victime a tent\u00e9 de se prot\u00e9ger, notamment en levant les bras pour se couvrir. Un geste de d\u00e9fense qui lui a valu une<strong> fracture au bras<\/strong>.<\/p>\n<p class=\" wall-content\">Apr\u00e8s l\u2019agression, la suspecte de 55 ans a quitt\u00e9 les lieux, laissant la cycliste bless\u00e9e.<\/p>\n<p>Un t\u00e9moin d\u00e9cisif<\/p>\n<p class=\" wall-content\">Mais un t\u00e9moin de la sc\u00e8ne a d\u00e9cid\u00e9 de suivre la quinquag\u00e9naire tout en alertant Police secours. Gr\u00e2ce aux indications fournies en temps r\u00e9el, les forces de l\u2019ordre ont pu localiser et interpeller rapidement la suspecte.<\/p>\n<p>Vid\u00e9os : en ce moment sur Actu<\/p>\n<p class=\" wall-content\">\u00ab Elle a \u00e9t\u00e9 <strong>plac\u00e9e en garde \u00e0 vue,<\/strong> laquelle a ensuite \u00e9t\u00e9 prolong\u00e9e \u00bb, pr\u00e9cise la m\u00eame source.<\/p>\n<p>Quinze jours d\u2019ITT pour la victime<\/p>\n<p class=\" wall-content\">La cycliste, prise en charge apr\u00e8s les faits, s\u2019en sort avec<strong> 15 jours d\u2019incapacit\u00e9 totale de travail (ITT).<\/strong>\u00a0<\/p>\n<p>Votre r\u00e9gion, votre actu !<\/p>\n<p>Recevez chaque jour les infos qui comptent pour vous.<\/p>\n<p>\t<a href=\"https:\/\/actu.fr\/newsletter\" class=\"ac-btn ac-btn--corner ac-btn--medium ac-btn--blue800\" target=\"_blank\" rel=\"noopener\">S&rsquo;incrire<\/a><\/p>\n<p class=\" wall-content\">Personnalisez votre actualit\u00e9 en ajoutant vos villes et m\u00e9dias en favori avec <a href=\"https:\/\/moncompte.actu.fr\" title=\"D\u00e9couvez Mon Actu\" rel=\"nofollow noopener\" data-trk=\"{&quot;cta&quot;:{&quot;action&quot;:&quot;https:\\\/\\\/moncompte.actu.fr&quot;,&quot;category&quot;:&quot;mon compte&quot;,&quot;from&quot;:&quot;article footer&quot;,&quot;name&quot;:&quot;Mon actu&quot;,&quot;type&quot;:&quot;cta&quot;}}\" target=\"_blank\">Mon Actu<\/a>.<\/p>\n","protected":false},"excerpt":{"rendered":"Par L\u00e9a Afonso Publi\u00e9 le 9 janv. 2026 \u00e0 16h07 Une violente altercation s\u2019est produite ce jeudi 8&hellip;\n","protected":false},"author":2,"featured_media":652051,"comment_status":"","ping_status":"","sticky":false,"template":"","format":"standard","meta":{"footnotes":""},"categories":[2816],"tags":[1111,11,1777,674,118,1011,27,12,2680,1072,25,2312],"class_list":{"0":"post-652050","1":"post","2":"type-post","3":"status-publish","4":"format-standard","5":"has-post-thumbnail","7":"category-toulouse","8":"tag-actu","9":"tag-actualites","10":"tag-eu","11":"tag-europe","12":"tag-faits-divers","13":"tag-fr","14":"tag-france","15":"tag-news","16":"tag-occitanie","17":"tag-police","18":"tag-republique-francaise","19":"tag-toulouse"},"share_on_mastodon":{"url":"https:\/\/pubeurope.com\/@fr\/115866100405952434","error":""},"_links":{"self":[{"href":"https:\/\/www.europesays.com\/fr\/wp-json\/wp\/v2\/posts\/652050","targetHints":{"allow":["GET"]}}],"collection":[{"href":"https:\/\/www.europesays.com\/fr\/wp-json\/wp\/v2\/posts"}],"about":[{"href":"https:\/\/www.europesays.com\/fr\/wp-json\/wp\/v2\/types\/post"}],"author":[{"embeddable":true,"href":"https:\/\/www.europesays.com\/fr\/wp-json\/wp\/v2\/users\/2"}],"replies":[{"embeddable":true,"href":"https:\/\/www.europesays.com\/fr\/wp-json\/wp\/v2\/comments?post=652050"}],"version-history":[{"count":0,"href":"https:\/\/www.europesays.com\/fr\/wp-json\/wp\/v2\/posts\/652050\/revisions"}],"wp:featuredmedia":[{"embeddable":true,"href":"https:\/\/www.europesays.com\/fr\/wp-json\/wp\/v2\/media\/652051"}],"wp:attachment":[{"href":"https:\/\/www.europesays.com\/fr\/wp-json\/wp\/v2\/media?parent=652050"}],"wp:term":[{"taxonomy":"category","embeddable":true,"href":"https:\/\/www.europesays.com\/fr\/wp-json\/wp\/v2\/categories?post=652050"},{"taxonomy":"post_tag","embeddable":true,"href":"https:\/\/www.europesays.com\/fr\/wp-json\/wp\/v2\/tags?post=652050"}],"curies":[{"name":"wp","href":"https:\/\/api.w.org\/{rel}","templated":true}]}}