{"id":652052,"date":"2026-01-09T16:32:12","date_gmt":"2026-01-09T16:32:12","guid":{"rendered":"https:\/\/www.europesays.com\/fr\/652052\/"},"modified":"2026-01-09T16:32:12","modified_gmt":"2026-01-09T16:32:12","slug":"informations-pour-les-nicois-a-toulouse","status":"publish","type":"post","link":"https:\/\/www.europesays.com\/fr\/652052\/","title":{"rendered":"Informations pour les Ni\u00e7ois \u00e0 Toulouse"},"content":{"rendered":"<p>\n                    Supporters<\/p>\n<p>Le Gym se rendra au Stadium pour rencontrer le Toulouse FC samedi 17 janvier, dans le cadre de la 18\u00e8me\u00a0journ\u00e9e de L1 (coup d\u2019envoi \u00e0 19h).<\/p>\n<p>Ce d\u00e9placement sera encadr\u00e9 par un arr\u00eat\u00e9 qui s\u2019appr\u00eate \u00e0 \u00eatre publi\u00e9 par la pr\u00e9fecture de Haute-Garonne, dans lequel figureront les \u00e9l\u00e9ments suivants\u00a0:<\/p>\n<ul>&#13;<\/p>\n<li><strong>Une obligation de d\u00e9placement en v\u00e9hicules collectifs\u00a0(J9 au minimum).<\/strong><\/li>\n<p>&#13;<\/p>\n<li>Un point de rendez-vous au p\u00e9age du Palays avec un horaire d\u00e9fini qui sera communiqu\u00e9 ult\u00e9rieurement.<\/li>\n<p>&#13;<\/p>\n<li>Une interdiction de paraitre \u00e0 Toulouse en ville et aux abords du stade de la veille \u00e0 l\u2019apr\u00e8s-match.<\/li>\n<p>&#13;\n<\/ul>\n<p><a href=\"https:\/\/billetterie.ogcnice.com\/fr\/catalogue\/match-exterieur-toulouse-fc-ogc-nice-1\" target=\"_blank\" rel=\"noopener\">Les supporters ni\u00e7ois qui souhaitent faire le d\u00e9placement doivent par ailleurs se procurer leur contremarque (1 par compte billetterie) au prix unique de 10\u20ac<\/a>. Celle-ci sera \u00e0 \u00e9changer sur place le jour du match.<\/p>\n<p>\u00c0 noter qu\u2019il sera possible de r\u00e9server les contremarques jusqu\u2019\u00e0 vendredi 16 janvier \u00e0 17h.\u00a0<\/p>\n","protected":false},"excerpt":{"rendered":"Supporters Le Gym se rendra au Stadium pour rencontrer le Toulouse FC samedi 17 janvier, dans le cadre&hellip;\n","protected":false},"author":2,"featured_media":652053,"comment_status":"","ping_status":"","sticky":false,"template":"","format":"standard","meta":{"footnotes":""},"categories":[2816],"tags":[1111,11,1777,674,1011,27,12,2680,25,2312],"class_list":{"0":"post-652052","1":"post","2":"type-post","3":"status-publish","4":"format-standard","5":"has-post-thumbnail","7":"category-toulouse","8":"tag-actu","9":"tag-actualites","10":"tag-eu","11":"tag-europe","12":"tag-fr","13":"tag-france","14":"tag-news","15":"tag-occitanie","16":"tag-republique-francaise","17":"tag-toulouse"},"share_on_mastodon":{"url":"https:\/\/pubeurope.com\/@fr\/115866104313544027","error":""},"_links":{"self":[{"href":"https:\/\/www.europesays.com\/fr\/wp-json\/wp\/v2\/posts\/652052","targetHints":{"allow":["GET"]}}],"collection":[{"href":"https:\/\/www.europesays.com\/fr\/wp-json\/wp\/v2\/posts"}],"about":[{"href":"https:\/\/www.europesays.com\/fr\/wp-json\/wp\/v2\/types\/post"}],"author":[{"embeddable":true,"href":"https:\/\/www.europesays.com\/fr\/wp-json\/wp\/v2\/users\/2"}],"replies":[{"embeddable":true,"href":"https:\/\/www.europesays.com\/fr\/wp-json\/wp\/v2\/comments?post=652052"}],"version-history":[{"count":0,"href":"https:\/\/www.europesays.com\/fr\/wp-json\/wp\/v2\/posts\/652052\/revisions"}],"wp:featuredmedia":[{"embeddable":true,"href":"https:\/\/www.europesays.com\/fr\/wp-json\/wp\/v2\/media\/652053"}],"wp:attachment":[{"href":"https:\/\/www.europesays.com\/fr\/wp-json\/wp\/v2\/media?parent=652052"}],"wp:term":[{"taxonomy":"category","embeddable":true,"href":"https:\/\/www.europesays.com\/fr\/wp-json\/wp\/v2\/categories?post=652052"},{"taxonomy":"post_tag","embeddable":true,"href":"https:\/\/www.europesays.com\/fr\/wp-json\/wp\/v2\/tags?post=652052"}],"curies":[{"name":"wp","href":"https:\/\/api.w.org\/{rel}","templated":true}]}}