{"id":652058,"date":"2026-01-09T16:35:14","date_gmt":"2026-01-09T16:35:14","guid":{"rendered":"https:\/\/www.europesays.com\/fr\/652058\/"},"modified":"2026-01-09T16:35:14","modified_gmt":"2026-01-09T16:35:14","slug":"une-equipe-de-livraison-ubershit-interpellee-dans-le-15e-arrondissement-de-marseille","status":"publish","type":"post","link":"https:\/\/www.europesays.com\/fr\/652058\/","title":{"rendered":"Une \u00e9quipe de livraison \u00ab\u00a0Ubershit\u00a0\u00bb interpell\u00e9e dans le 15e arrondissement de Marseille"},"content":{"rendered":"<p>Si le nombre de points de deal a quasiment \u00e9t\u00e9 divis\u00e9 par deux en quelques ann\u00e9es \u00e0 Marseille, le trafic de drogue a connu, en parall\u00e8le, une \u00e9volution acc\u00e9l\u00e9r\u00e9e par le confinement\u00a0: comme dans le commerce l\u00e9gal, la tendance est d\u00e9sormais \u00e0 la vente \u00e0 distance et \u00e0 la livraison \u00e0 domicile, par le biais des r\u00e9seaux sociaux et des messageries chiffr\u00e9es.<\/p>\n<p><a href=\"https:\/\/www.laprovence.com\/article\/faits-divers-justice\/98361958771797\/un-livreur-ubershit-interpelle-apres-un-refus-d-obtemperer-a-velo-a-marseille-le-compteur-du-vtt-bloque-a-138km-h\" target=\"_blank\" rel=\"noopener\">Ces \u00ab\u00a0narcolivraisons\u00a0\u00bb, plus commun\u00e9ment appel\u00e9es \u00ab\u00a0Ubershit\u00a0\u00bb<\/a> pullulent, poussant aussi les services de police \u00e0 s\u2019adapter. Et s\u2019ils sont plus discrets qu\u2019aux pieds des immeubles des cit\u00e9s marseillais, ces nouveaux dealers ne sont pas pour autant devenus invisibles.<\/p>\n<p>Plus de trois kilos et demi de stup\u00e9fiants et une arme saisis<\/p>\n<p>Ainsi, le 3\u00a0janvier, c\u2019est aux abords de la cit\u00e9 de La Martine, dans le 15e arrondissement de Marseille, qu\u2019une \u00e9quipe de la Brigade sp\u00e9cialis\u00e9e de terrain (BST 14) rep\u00e8re deux hommes<a href=\"https:\/\/www.laprovence.com\/article\/faits-divers-justice\/1185283803185614\/trafic-de-drogue-entre-lespagne-et-la-france-plus-de-400kg-de-cannabis-saisis-par-loffice-antistupefiants-a-istres\" target=\"_blank\" rel=\"noopener\"> en pleine tourn\u00e9e de livraison<\/a> de stup\u00e9fiants \u00e0 bord d\u2019une voiture.<\/p>\n<p>L\u2019un d\u2019eux tente de se d\u00e9barrasser d\u2019un cas contenant pr\u00e8s d\u2019une centaine de grammes de coca\u00efne, tandis que plus d\u2019un millier d\u2019euros se cachent dans un \u00e9tui \u00e0 lunettes. Mais les agents ont aussi localis\u00e9 leur source\u00a0: un appartement nourrice \u00e9galement dans le secteur,&#8230;<\/p>\n","protected":false},"excerpt":{"rendered":"Si le nombre de points de deal a quasiment \u00e9t\u00e9 divis\u00e9 par deux en quelques ann\u00e9es \u00e0 Marseille,&hellip;\n","protected":false},"author":2,"featured_media":652059,"comment_status":"","ping_status":"","sticky":false,"template":"","format":"standard","meta":{"footnotes":""},"categories":[2814],"tags":[16883,5734,1111,11,1446,2263,1777,674,274,1011,27,19842,7032,884,12,882,25,6761,96],"class_list":{"0":"post-652058","1":"post","2":"type-post","3":"status-publish","4":"format-standard","5":"has-post-thumbnail","7":"category-marseille","8":"tag-15e","9":"tag-5734","10":"tag-actu","11":"tag-actualites","12":"tag-dans","13":"tag-equipe","14":"tag-eu","15":"tag-europe","16":"tag-faits-divers-justice","17":"tag-fr","18":"tag-france","19":"tag-interpellee","20":"tag-livraison","21":"tag-marseille","22":"tag-news","23":"tag-provence-alpes-cote-dazur","24":"tag-republique-francaise","25":"tag-ubershit","26":"tag-une"},"share_on_mastodon":{"url":"https:\/\/pubeurope.com\/@fr\/115866116142948115","error":""},"_links":{"self":[{"href":"https:\/\/www.europesays.com\/fr\/wp-json\/wp\/v2\/posts\/652058","targetHints":{"allow":["GET"]}}],"collection":[{"href":"https:\/\/www.europesays.com\/fr\/wp-json\/wp\/v2\/posts"}],"about":[{"href":"https:\/\/www.europesays.com\/fr\/wp-json\/wp\/v2\/types\/post"}],"author":[{"embeddable":true,"href":"https:\/\/www.europesays.com\/fr\/wp-json\/wp\/v2\/users\/2"}],"replies":[{"embeddable":true,"href":"https:\/\/www.europesays.com\/fr\/wp-json\/wp\/v2\/comments?post=652058"}],"version-history":[{"count":0,"href":"https:\/\/www.europesays.com\/fr\/wp-json\/wp\/v2\/posts\/652058\/revisions"}],"wp:featuredmedia":[{"embeddable":true,"href":"https:\/\/www.europesays.com\/fr\/wp-json\/wp\/v2\/media\/652059"}],"wp:attachment":[{"href":"https:\/\/www.europesays.com\/fr\/wp-json\/wp\/v2\/media?parent=652058"}],"wp:term":[{"taxonomy":"category","embeddable":true,"href":"https:\/\/www.europesays.com\/fr\/wp-json\/wp\/v2\/categories?post=652058"},{"taxonomy":"post_tag","embeddable":true,"href":"https:\/\/www.europesays.com\/fr\/wp-json\/wp\/v2\/tags?post=652058"}],"curies":[{"name":"wp","href":"https:\/\/api.w.org\/{rel}","templated":true}]}}