{"id":652062,"date":"2026-01-09T16:37:16","date_gmt":"2026-01-09T16:37:16","guid":{"rendered":"https:\/\/www.europesays.com\/fr\/652062\/"},"modified":"2026-01-09T16:37:16","modified_gmt":"2026-01-09T16:37:16","slug":"metropole-de-lyon-face-au-harcelement-de-rue-des-bibliotheques-integrent-le-dispositif-angela","status":"publish","type":"post","link":"https:\/\/www.europesays.com\/fr\/652062\/","title":{"rendered":"M\u00e9tropole de Lyon. Face au harc\u00e8lement de rue, des biblioth\u00e8ques int\u00e8grent le dispositif Angela"},"content":{"rendered":"<p>Depuis ce d\u00e9but janvier, les biblioth\u00e8ques universitaires Sant\u00e9 Rockfeller, \u00e9ducation Croix-Rousse, Odontologie et de Gerland font partie du dispositif Angela. Toutes ces structures de l\u2019Universit\u00e9 Claude-Bernard Lyon 1 sont des lieux de confiance pour les victimes de harc\u00e8lement de rue, qu\u2019il soit sexuel, li\u00e9 au genre, \u00e0 l\u2019identit\u00e9, aux convictions religieuses ou au handicap.<\/p>\n<p>  Un dispositif de la Ville<\/p>\n<p>Le dispositif \u00ab\u00a0Demandez Angela\u00a0\u00bb, <a href=\"https:\/\/www.leprogres.fr\/societe\/2023\/09\/07\/j-ai-teste-pour-vous-le-dispositif-angela\" target=\"_blank\" rel=\"noopener\">d\u00e9ploy\u00e9 par la Ville de Lyon<\/a>, permet aux personnes victimes de harc\u00e8lement de rue de trouver rapidement refuge dans un lieu s\u00fbr. En rep\u00e9rant le sticker \u00ab\u00a0Demandez Angela\u00a0\u00bb sur une vitrine, une personne en difficult\u00e9 peut entrer, demander \u00ab\u00a0Angela\u00a0\u00bb et \u00eatre mise en s\u00e9curit\u00e9. Le r\u00f4le des \u00e9tablissements est simple\u00a0: offrir un accueil bienveillant, un espace rassurant et une \u00e9coute sans jugement.<\/p>\n<p>Tous les lieux s\u00fbrs Angela seront prochainement r\u00e9f\u00e9renc\u00e9s sur l\u2019application mobile gratuite UMAY, permettant\u00a0: de localiser les lieux Angela sur une carte, de partager son trajet avec des proches, de visualiser en temps r\u00e9el les alertes \u00e9mises par d\u2019autres utilisateurs. Chaque \u00e9tablissement signataire de la charte Angela autorise ainsi son r\u00e9f\u00e9rencement sur UMAY, renfor\u00e7ant un r\u00e9seau solidaire au service de la s\u00e9curit\u00e9 dans l\u2019espace public.<\/p>\n<p>Cette action vient compl\u00e9ter\u00a0de nombreuses actions men\u00e9es depuis plusieurs ann\u00e9es par les BU Lyon 1 pour favoriser l\u2019inclusion et lutter contre toutes les formes de violences et de discriminations\u00a0: mise \u00e0 disposition de mat\u00e9riel inclusif, formations des personnels aux premiers secours en sant\u00e9 mentale, sensibilisation aux handicaps, ressources pour l\u2019\u00e9galit\u00e9 femmes hommes.<\/p>\n","protected":false},"excerpt":{"rendered":"Depuis ce d\u00e9but janvier, les biblioth\u00e8ques universitaires Sant\u00e9 Rockfeller, \u00e9ducation Croix-Rousse, Odontologie et de Gerland font partie du&hellip;\n","protected":false},"author":2,"featured_media":652063,"comment_status":"","ping_status":"","sticky":false,"template":"","format":"standard","meta":{"footnotes":""},"categories":[1889],"tags":[1111,11,2430,2757,1057,4854,1777,674,1011,27,2428,2756,12,25,2429,104],"class_list":{"0":"post-652062","1":"post","2":"type-post","3":"status-publish","4":"format-standard","5":"has-post-thumbnail","7":"category-lyon","8":"tag-actu","9":"tag-actualites","10":"tag-auvergne-rhone-alpes","11":"tag-edition-lyon-villeurbanne","12":"tag-education","13":"tag-enseignement-superieur","14":"tag-eu","15":"tag-europe","16":"tag-fr","17":"tag-france","18":"tag-lyon","19":"tag-lyon-bassin","20":"tag-news","21":"tag-republique-francaise","22":"tag-rhone","23":"tag-societe"},"share_on_mastodon":{"url":"https:\/\/pubeurope.com\/@fr\/115866123936183369","error":""},"_links":{"self":[{"href":"https:\/\/www.europesays.com\/fr\/wp-json\/wp\/v2\/posts\/652062","targetHints":{"allow":["GET"]}}],"collection":[{"href":"https:\/\/www.europesays.com\/fr\/wp-json\/wp\/v2\/posts"}],"about":[{"href":"https:\/\/www.europesays.com\/fr\/wp-json\/wp\/v2\/types\/post"}],"author":[{"embeddable":true,"href":"https:\/\/www.europesays.com\/fr\/wp-json\/wp\/v2\/users\/2"}],"replies":[{"embeddable":true,"href":"https:\/\/www.europesays.com\/fr\/wp-json\/wp\/v2\/comments?post=652062"}],"version-history":[{"count":0,"href":"https:\/\/www.europesays.com\/fr\/wp-json\/wp\/v2\/posts\/652062\/revisions"}],"wp:featuredmedia":[{"embeddable":true,"href":"https:\/\/www.europesays.com\/fr\/wp-json\/wp\/v2\/media\/652063"}],"wp:attachment":[{"href":"https:\/\/www.europesays.com\/fr\/wp-json\/wp\/v2\/media?parent=652062"}],"wp:term":[{"taxonomy":"category","embeddable":true,"href":"https:\/\/www.europesays.com\/fr\/wp-json\/wp\/v2\/categories?post=652062"},{"taxonomy":"post_tag","embeddable":true,"href":"https:\/\/www.europesays.com\/fr\/wp-json\/wp\/v2\/tags?post=652062"}],"curies":[{"name":"wp","href":"https:\/\/api.w.org\/{rel}","templated":true}]}}