{"id":652068,"date":"2026-01-09T16:41:25","date_gmt":"2026-01-09T16:41:25","guid":{"rendered":"https:\/\/www.europesays.com\/fr\/652068\/"},"modified":"2026-01-09T16:41:25","modified_gmt":"2026-01-09T16:41:25","slug":"paris-un-chauffeur-vtc-et-un-pieton-entre-la-vie-et-la-mort-apres-un-accident-grave","status":"publish","type":"post","link":"https:\/\/www.europesays.com\/fr\/652068\/","title":{"rendered":"Paris : un chauffeur VTC et un pi\u00e9ton entre la vie et la mort apr\u00e8s un accident grave"},"content":{"rendered":"<ul class=\"jsx-862013697 ArticleChapo__List\">\n<li class=\"jsx-862013697 ArticleChapo__List_Item flex\">Un accident s&rsquo;est produit dans la nuit de jeudi \u00e0 vendredi dans le 15\u1d49\u00a0arrondissement.<\/li>\n<li class=\"jsx-862013697 ArticleChapo__List_Item flex\">Un chauffeur VTC a fait une sortie de route et percut\u00e9 un pi\u00e9ton rue de Vaugirard.<\/li>\n<li class=\"jsx-862013697 ArticleChapo__List_Item flex\">Les deux ont \u00e9t\u00e9 pris en charge par les pompiers avec un pronostic vital engag\u00e9.<\/li>\n<\/ul>\n<p data-module=\"article-paragraph\" class=\"jsx-157965717 Paragraph\">Terrible accident en pleine nuit dans le 15\u1d49 arrondissement de Paris. Vers 2h du matin, rue de Vaugirard, un chauffeur VTC au volant d&rsquo;une Mercedes-Benz Classe\u00a0V a fait une sortie de route avant de percuter une personne sur la voie publique et de s&rsquo;encastrer dans la fa\u00e7ade du d\u00e9bit de boissons encore en activit\u00e9, a appris TF1info de plusieurs sources polici\u00e8res et des pompiers.\u00a0<\/p>\n<p data-module=\"article-paragraph\" class=\"jsx-157965717 Paragraph Paragraph__End\">Les secours ont imm\u00e9diatement \u00e9t\u00e9 alert\u00e9s pour intervenir sur les lieux du drame. Le conducteur du v\u00e9hicule, qui pr\u00e9sentait un traumatisme thoracique, a \u00e9t\u00e9 transport\u00e9 \u00e0 l&rsquo;h\u00f4pital comme le pi\u00e9ton qui pr\u00e9sentait un traumatisme cr\u00e2nien, une fracture ouverte au niveau du tibia, et une suspicion de fracture du bassin.\u00a0<\/p>\n<p>Pronostic vital engag\u00e9 pour les deux victimes<\/p>\n<p data-module=\"article-paragraph\" class=\"jsx-157965717 Paragraph\">Le pronostic vital des deux victimes \u00e9tait engag\u00e9 cette nuit, selon plusieurs sources polici\u00e8res. On ignore s&rsquo;il l&rsquo;\u00e9tait toujours ce vendredi midi.\u00a0<\/p>\n<p data-module=\"article-paragraph\" class=\"jsx-157965717 Paragraph Paragraph__End\">Selon l&rsquo;une de ces sources, le chauffeur VTC se serait endormi au volant de sa voiture.\u00a0L&rsquo;\u00e2ge des victimes n&rsquo;a pas \u00e9t\u00e9 pr\u00e9cis\u00e9.<\/p>\n<p><a href=\"https:\/\/www.tf1info.fr\/meteo\/video-on-est-devant-l-ensemble-des-vehicules-accidentes-qu-on-a-ramasses-le-grand-danger-du-verglas-sur-les-routes-et-trottoirs-2417071.html\" rel=\"noopener\" class=\"jsx-3308031228 Link flex\" target=\"_blank\"><img decoding=\"async\" src=\"https:\/\/www.europesays.com\/fr\/wp-content\/uploads\/2026\/01\/depanneur-savigny-5abe47-0@1x.jpeg\" alt=\"CAPTF1\" loading=\"lazy\" importance=\"low\" fetchpriority=\"low\" class=\"\" aria-hidden=\"true\"\/><\/p>\n<p class=\"jsx-3657663356 ReadMoreArticle__Title\">Lire aussi<\/p>\n<p class=\"jsx-3657663356\">\u00ab\u00a0On est devant l&rsquo;ensemble des v\u00e9hicules accident\u00e9s qu&rsquo;on a ramass\u00e9s\u00a0\u00bb : le grand danger du verglas sur les routes et trottoirs<\/p>\n<p><\/a><\/p>\n<p data-module=\"article-paragraph\" class=\"jsx-157965717 Paragraph\">Une enqu\u00eate a \u00e9t\u00e9 ouverte par le parquet de Paris. Ce dernier n&rsquo;avait pas r\u00e9pondu \u00e0 notre demande d&rsquo;informations \u00e0 la mi-journ\u00e9e. Le Service du traitement judiciaire des accidents (STJA) a \u00e9t\u00e9 charg\u00e9 des investigations.<\/p>\n<p data-module=\"article-paragraph\" class=\"jsx-157965717 Paragraph Paragraph__End\">Au total, trois v\u00e9hicules du SAMU et cinq v\u00e9hicules de pompiers ont \u00e9t\u00e9 mobilis\u00e9s sur cette intervention.\u00a0<\/p>\n<p>Aur\u00e9lie SARROT, Marie BELOT<\/p>\n","protected":false},"excerpt":{"rendered":"Un accident s&rsquo;est produit dans la nuit de jeudi \u00e0 vendredi dans le 15\u1d49\u00a0arrondissement. Un chauffeur VTC a&hellip;\n","protected":false},"author":2,"featured_media":652069,"comment_status":"","ping_status":"","sticky":false,"template":"","format":"standard","meta":{"footnotes":""},"categories":[1888],"tags":[1111,1928,11,1927,1921,1777,674,6017,5582,1011,27,1922,2954,12,1926,626,1925,1072,25,133,2953],"class_list":{"0":"post-652068","1":"post","2":"type-post","3":"status-publish","4":"format-standard","5":"has-post-thumbnail","7":"category-paris","8":"tag-actu","9":"tag-actu-paris","10":"tag-actualites","11":"tag-actualites-paris","12":"tag-article-video","13":"tag-eu","14":"tag-europe","15":"tag-fait-divers","16":"tag-forces-de-lordre-armee-pompiers","17":"tag-fr","18":"tag-france","19":"tag-info","20":"tag-justice-et-faits-divers","21":"tag-news","22":"tag-news-paris","23":"tag-paris","24":"tag-paris-news","25":"tag-police","26":"tag-republique-francaise","27":"tag-video","28":"tag-video-police"},"share_on_mastodon":{"url":"https:\/\/pubeurope.com\/@fr\/115866139779631897","error":""},"_links":{"self":[{"href":"https:\/\/www.europesays.com\/fr\/wp-json\/wp\/v2\/posts\/652068","targetHints":{"allow":["GET"]}}],"collection":[{"href":"https:\/\/www.europesays.com\/fr\/wp-json\/wp\/v2\/posts"}],"about":[{"href":"https:\/\/www.europesays.com\/fr\/wp-json\/wp\/v2\/types\/post"}],"author":[{"embeddable":true,"href":"https:\/\/www.europesays.com\/fr\/wp-json\/wp\/v2\/users\/2"}],"replies":[{"embeddable":true,"href":"https:\/\/www.europesays.com\/fr\/wp-json\/wp\/v2\/comments?post=652068"}],"version-history":[{"count":0,"href":"https:\/\/www.europesays.com\/fr\/wp-json\/wp\/v2\/posts\/652068\/revisions"}],"wp:featuredmedia":[{"embeddable":true,"href":"https:\/\/www.europesays.com\/fr\/wp-json\/wp\/v2\/media\/652069"}],"wp:attachment":[{"href":"https:\/\/www.europesays.com\/fr\/wp-json\/wp\/v2\/media?parent=652068"}],"wp:term":[{"taxonomy":"category","embeddable":true,"href":"https:\/\/www.europesays.com\/fr\/wp-json\/wp\/v2\/categories?post=652068"},{"taxonomy":"post_tag","embeddable":true,"href":"https:\/\/www.europesays.com\/fr\/wp-json\/wp\/v2\/tags?post=652068"}],"curies":[{"name":"wp","href":"https:\/\/api.w.org\/{rel}","templated":true}]}}