{"id":652078,"date":"2026-01-09T16:46:15","date_gmt":"2026-01-09T16:46:15","guid":{"rendered":"https:\/\/www.europesays.com\/fr\/652078\/"},"modified":"2026-01-09T16:46:15","modified_gmt":"2026-01-09T16:46:15","slug":"la-russie-tire-un-nouveau-missile-balistique-orechnik-contre-lukraine","status":"publish","type":"post","link":"https:\/\/www.europesays.com\/fr\/652078\/","title":{"rendered":"La Russie tire un nouveau missile balistique Orechnik contre l\u2019Ukraine"},"content":{"rendered":"<p>Son utilisation, dans la nuit de jeudi \u00e0 vendredi lors d\u2019une vaste frappe sur le territoire ukrainien, serait une r\u00e9ponse \u00e0 l\u2019attaque de drones pr\u00e9sum\u00e9e contre la r\u00e9sidence de Poutine, en d\u00e9cembre.<\/p>\n<p class=\"c-paragraph paywall\">En attendant un hypoth\u00e9tique cessez-le-feu, la Russie continue de frapper les villes ukrainiennes. Dans la nuit du jeudi 8 au vendredi 9 janvier, l\u2019arm\u00e9e de l\u2019Air ukrainienne a comptabilis\u00e9 36 missiles et 242 drones tir\u00e9s depuis la Russie, les territoires occup\u00e9s et la mer Noire.<\/p>\n<p class=\"c-paragraph\">La d\u00e9fense antia\u00e9rienne en aurait abattu et neutralis\u00e9 244, dont 8 missiles balistiques Iskander et 10 missiles de croisi\u00e8re Kalibr. En revanche, \u00ab des impacts de 18 missiles et de 16 drones d\u2019attaque ont \u00e9t\u00e9 enregistr\u00e9s sur 19 sites \u00bb, d\u00e9nombre l\u2019arm\u00e9e de l\u2019Air ukrainienne sur sa cha\u00eene Telegram. Au moins quatre civils ont \u00e9t\u00e9 tu\u00e9s \u00e0 Kiev. Une vingtaine de b\u00e2timents r\u00e9sidentiels ont \u00e9t\u00e9 endommag\u00e9s ainsi que l\u2019ambassade du Qatar.<\/p>\n<p class=\"c-paragraph\">Parmi les missiles tir\u00e9s, au moins <a href=\"https:\/\/www.lepoint.fr\/monde\/deploiement-des-missiles-hypersoniques-orechnik-en-bielorussie-ce-que-cela-revele-de-la-strategie-QFJG6BWWKJBH3JO4Q5FQ4L2IFE\/\" target=\"_self\" rel=\"noopener\" title=\"https:\/\/www.lepoint.fr\/monde\/deploiement-des-missiles-hypersoniques-orechnik-en-bielorussie-ce-que-cela-revele-de-la-strategie-QFJG6BWWKJBH3JO4Q5FQ4L2IFE\/\">un missile balistique de port\u00e9e interm\u00e9diaire Orechnik<\/a> s\u2019est abattu pr\u00e8s de la ville de Lviv, dans l\u2019ouest de l\u2019Ukraine.<\/p>\n<p class=\"c-paragraph\">Des images de vid\u00e9o surveillance montrent l\u2019arriv\u00e9e des diff\u00e9rentes charges au-dessus d\u2019habitations. On ignore quels sont les d\u00e9g\u00e2ts et quelle \u00e9tait la cible.<\/p>\n<blockquote class=\"twitter-tweet\">\n<p lang=\"en\" dir=\"ltr\">Security camera footage which appears to capture tonight\u2019s strike by a Russian \u201cOreshnik\u201d Intermediate-Range Ballistic Missile (IRBM), equipped with a Conventional Multiple Independently Targetable Reentry Vehicle (MIRV), earlier against the Lviv Oblast of Western Ukraine. <a href=\"https:\/\/t.co\/LikuWRRgtS\">pic.twitter.com\/LikuWRRgtS<\/a><\/p>\n<p>\u2014 OSINTdefender (@sentdefender) <a href=\"https:\/\/twitter.com\/sentdefender\/status\/2009394160281997754?ref_src=twsrc%5Etfw\" target=\"_blank\" rel=\"noopener\">January 8, 2026<\/a><\/p><\/blockquote>\n<p class=\"c-paragraph\">Selon le minist\u00e8re de la D\u00e9fense russe, l\u2019attaque de cette nuit avec l\u2019utilisation de l\u2019Orechnik est une r\u00e9ponse \u00ab \u00e0 l\u2019attaque terroriste perp\u00e9tr\u00e9e par le r\u00e9gime de Kiev contre la r\u00e9sidence du pr\u00e9sident russe dans la r\u00e9gion de Novgorod, le 29 d\u00e9cembre 2025 au petit matin. \u00bb<\/p>\n<p class=\"c-paragraph\">La Russie avait affirm\u00e9 que plusieurs dizaines de drones ukrainiens avaient attaqu\u00e9 <a href=\"https:\/\/www.lepoint.fr\/monde\/karting-saunas-et-defense-antiaerienne-a-quoi-ressemble-la-residence-de-vladimir-poutine-QU4MFMENQBBEDE5REFR6M37FGI\/\" target=\"_self\" rel=\"noopener\" title=\"https:\/\/www.lepoint.fr\/monde\/karting-saunas-et-defense-antiaerienne-a-quoi-ressemble-la-residence-de-vladimir-poutine-QU4MFMENQBBEDE5REFR6M37FGI\/\">la r\u00e9sidence de Vladimir Poutine<\/a> alors que Volodymyr Zelensky rencontrait Donald Trump en Floride pour <a href=\"https:\/\/www.lepoint.fr\/monde\/nous-progressons-vers-un-accord-trump-affiche-son-optimisme-apres-sa-rencontre-avec-zelensky-HYDQT2JNCRDE3CGF2JLRCMLA6U\/\" target=\"_self\" rel=\"noopener\" title=\"https:\/\/www.lepoint.fr\/monde\/nous-progressons-vers-un-accord-trump-affiche-son-optimisme-apres-sa-rencontre-avec-zelensky-HYDQT2JNCRDE3CGF2JLRCMLA6U\/\">dessiner les contours d\u2019un plan de paix<\/a>.<\/p>\n<p class=\"c-paragraph\">Moscou avait, dans un premier temps, refus\u00e9 d\u2019apporter la moindre preuve avant de montrer un drone \u00e0 la t\u00e9l\u00e9vision et de donner \u00e0 des officiers am\u00e9ricains un composant \u00e9lectronique d\u2019un des appareils. Les pays occidentaux y avaient vu une man\u0153uvre de diversion mal mont\u00e9e.<\/p>\n<p>Arme de propagande<\/p>\n<p class=\"c-paragraph\">Ce type de missile mirv\u00e9 (qui poss\u00e8de plusieurs charges ind\u00e9pendantes) a <a href=\"https:\/\/www.lepoint.fr\/monde\/ce-que-l-on-sait-du-tir-de-missile-balistique-intercontinental-russe-sur-l-ukraine-le-jeudi-21-novembre-2024--22-11-2024-2576016_24.php\" target=\"_self\" rel=\"noopener\" title=\"https:\/\/www.lepoint.fr\/monde\/ce-que-l-on-sait-du-tir-de-missile-balistique-intercontinental-russe-sur-l-ukraine-le-jeudi-21-novembre-2024--22-11-2024-2576016_24.php\">\u00e9t\u00e9 tir\u00e9 la premi\u00e8re fois en novembre 2024<\/a> contre un complexe industriel \u00e0 Dnipro, bien plus \u00e0 l\u2019est. Pr\u00e9sent\u00e9 par Moscou comme \u00e9tant hypersonique, les experts doutent de sa capacit\u00e9 \u00e0 voler aussi vite. Plut\u00f4t qu\u2019un nouveau type de missile, l\u2019Orechnik serait un Yars modifi\u00e9, sans charge nucl\u00e9aire.<\/p>\n<p class=\"c-paragraph\">Il est surtout utilis\u00e9 comme arme de propagande. En fin d\u2019ann\u00e9e derni\u00e8re, la Russie n\u2019a pas manqu\u00e9 de communiquer sur l\u2019arriv\u00e9e d\u2019une batterie d\u2019Orechnik en Bi\u00e9lorussie. Un d\u00e9ploiement en r\u00e9ponse aux \u00ab actions agressives des adversaires occidentaux \u00bb.<\/p>\n<p class=\"c-paragraph\">\u00ab L\u2019attaque d\u2019aujourd\u2019hui rappelle tr\u00e8s fortement \u00e0 tous nos partenaires que le soutien de la d\u00e9fense a\u00e9rienne pour l\u2019Ukraine est une priorit\u00e9 constante \u00bb, a r\u00e9agi le pr\u00e9sident ukrainien Volodymyr Zelensky sur Telegram. \u00ab La Russie doit recevoir des signaux qu\u2019il est de son devoir de se concentrer sur la diplomatie et de ressentir les cons\u00e9quences chaque fois qu\u2019elle se concentre \u00e0 nouveau sur les meurtres et la destruction de l\u2019infrastructure. \u00bb<\/p>\n<p class=\"c-paragraph\">Si les alli\u00e9s de Kiev, r\u00e9unis dans <a href=\"https:\/\/www.lepoint.fr\/monde\/a-paris-la-coalition-des-volontaires-pour-lukraine-renforcee-par-les-etats-unis-NS6FT6GVFBBP5AB62A3TJZXERA\/\" target=\"_self\" rel=\"noopener\" title=\"https:\/\/www.lepoint.fr\/monde\/a-paris-la-coalition-des-volontaires-pour-lukraine-renforcee-par-les-etats-unis-NS6FT6GVFBBP5AB62A3TJZXERA\/\">la \u00ab coalition des volontaires \u00bb<\/a>, se sont entendus le 6 janvier \u00e0 Paris pour l\u2019envoi de troupes en Ukraine dans le cas d\u2019un cessez-le-feu, aucune information n\u2019a filtr\u00e9 sur de nouvelles livraisons de syst\u00e8mes de d\u00e9fense anti-a\u00e9rienne ou de missiles sol-air, cruciaux pour Kiev dans la protection de ses villes et infrastructures \u00e9nerg\u00e9tiques.<\/p>\n<p><script async src=\"https:\/\/platform.twitter.com\/widgets.js\" charset=\"utf-8\"><\/script><\/p>\n","protected":false},"excerpt":{"rendered":"Son utilisation, dans la nuit de jeudi \u00e0 vendredi lors d\u2019une vaste frappe sur le territoire ukrainien, serait&hellip;\n","protected":false},"author":2,"featured_media":652079,"comment_status":"","ping_status":"","sticky":false,"template":"","format":"standard","meta":{"footnotes":""},"categories":[1590],"tags":[11,1777,674,12,220,135,134],"class_list":{"0":"post-652078","1":"post","2":"type-post","3":"status-publish","4":"format-standard","5":"has-post-thumbnail","7":"category-ukraine","8":"tag-actualites","9":"tag-eu","10":"tag-europe","11":"tag-news","12":"tag-ukraine","13":"tag-vladimir-poutine","14":"tag-volodymyr-zelensky"},"share_on_mastodon":{"url":"https:\/\/pubeurope.com\/@fr\/115866159259118882","error":""},"_links":{"self":[{"href":"https:\/\/www.europesays.com\/fr\/wp-json\/wp\/v2\/posts\/652078","targetHints":{"allow":["GET"]}}],"collection":[{"href":"https:\/\/www.europesays.com\/fr\/wp-json\/wp\/v2\/posts"}],"about":[{"href":"https:\/\/www.europesays.com\/fr\/wp-json\/wp\/v2\/types\/post"}],"author":[{"embeddable":true,"href":"https:\/\/www.europesays.com\/fr\/wp-json\/wp\/v2\/users\/2"}],"replies":[{"embeddable":true,"href":"https:\/\/www.europesays.com\/fr\/wp-json\/wp\/v2\/comments?post=652078"}],"version-history":[{"count":0,"href":"https:\/\/www.europesays.com\/fr\/wp-json\/wp\/v2\/posts\/652078\/revisions"}],"wp:featuredmedia":[{"embeddable":true,"href":"https:\/\/www.europesays.com\/fr\/wp-json\/wp\/v2\/media\/652079"}],"wp:attachment":[{"href":"https:\/\/www.europesays.com\/fr\/wp-json\/wp\/v2\/media?parent=652078"}],"wp:term":[{"taxonomy":"category","embeddable":true,"href":"https:\/\/www.europesays.com\/fr\/wp-json\/wp\/v2\/categories?post=652078"},{"taxonomy":"post_tag","embeddable":true,"href":"https:\/\/www.europesays.com\/fr\/wp-json\/wp\/v2\/tags?post=652078"}],"curies":[{"name":"wp","href":"https:\/\/api.w.org\/{rel}","templated":true}]}}