{"id":652080,"date":"2026-01-09T16:47:10","date_gmt":"2026-01-09T16:47:10","guid":{"rendered":"https:\/\/www.europesays.com\/fr\/652080\/"},"modified":"2026-01-09T16:47:10","modified_gmt":"2026-01-09T16:47:10","slug":"le-chef-de-la-diplomatie-iranienne-accuse-les-etats-unis-et-israel-dintervenir-directement-dans-les-manifestations","status":"publish","type":"post","link":"https:\/\/www.europesays.com\/fr\/652080\/","title":{"rendered":"Le chef de la diplomatie iranienne accuse les \u00c9tats-Unis et Isra\u00ebl \u00ab\u00a0d\u2019intervenir directement\u00a0\u00bb dans les manifestations"},"content":{"rendered":"<p class=\"paragraph text_align_left lp-f-body-02\">Le chef de la diplomatie iranienne a accus\u00e9 vendredi les \u00c9tats-Unis et Isra\u00ebl d\u2019ing\u00e9rence dans le mouvement de contestation qui grandit en Iran, tout en \u00e9cartant la possibilit\u00e9 d\u2019une intervention militaire \u00e9trang\u00e8re.<\/p>\n<p class=\"\">\u00ab C\u2019est ce qu\u2019ont affirm\u00e9 les Am\u00e9ricains et les Isra\u00e9liens, \u00e0 savoir qu\u2019ils interviennent directement dans les manifestations en Iran \u00bb, a d\u00e9clar\u00e9 le ministre Abbas Araghchi, en visite au Liban.<\/p>\n<p class=\"\">\u00ab Ils essaient de transformer les manifestations pacifiques en actions clivantes et violentes \u00bb, a affirm\u00e9 le ministre. \u00ab Concernant la possibilit\u00e9 d\u2019une intervention militaire contre l\u2019Iran, nous pensons que celle-ci est peu probable, car leurs tentatives pr\u00e9c\u00e9dentes ont totalement \u00e9chou\u00e9 \u00bb, a-t-il ajout\u00e9.<\/p>\n<p>L\u2019ayatollah Ali Khamenei, a averti que son pays ne \u00ab reculerait pas \u00bb<\/p>\n<p class=\"\">Le Haut-Commissaire des Nations unies pour les droits de l\u2019homme, Volker T\u00fcrk, a r\u00e9clam\u00e9 vendredi une enqu\u00eate \u00ab rapide \u00bb et \u00ab ind\u00e9pendante \u00bb apr\u00e8s les morts lors des manifestations qui secouent l\u2019Iran depuis plusieurs jours.<\/p>\n<p class=\"\">\u00ab Je suis profond\u00e9ment perturb\u00e9 par les informations relatives aux violences lors des manifestations nationales en Iran ces 13 derniers jours, y compris concernant des morts et des destructions de biens \u00bb, a-t-il d\u00e9clar\u00e9 dans un communiqu\u00e9, r\u00e9clamant le respect du droit de manifester pacifiquement \u00ab inscrit dans le droit international \u00bb.<\/p>\n<p class=\"\">\u00ab Une enqu\u00eate rapide, ind\u00e9pendante et transparente doit \u00eatre men\u00e9e. Les personnes responsables de violations doivent rendre des comptes en accord avec les r\u00e8gles et normes internationales \u00bb, a-t-il ajout\u00e9.<\/p>\n<p class=\"\">Il s\u2019est d\u2019autre part inqui\u00e9t\u00e9 de la coupure d\u2019internet dans le pays. \u00ab De telles actions sapent la libert\u00e9 d\u2019expression et l\u2019acc\u00e8s \u00e0 l\u2019information, et affectent le travail de ceux qui documentent les violations des droits humains, ainsi que l\u2019acc\u00e8s aux services essentiels et d\u2019urgence \u00bb, a-t-il insist\u00e9.<\/p>\n<p class=\"\">Le guide supr\u00eame iranien, l\u2019ayatollah Ali Khamenei, a averti vendredi que son pays ne \u00ab reculerait pas \u00bb face \u00e0 une vague de contestation qui prend de l\u2019ampleur et pose un s\u00e9rieux d\u00e9fi \u00e0 la R\u00e9publique islamique en place depuis 1979.<\/p>\n<p class=\"\">Des ONG ont accus\u00e9 les autorit\u00e9s d\u2019avoir ouvert le feu sur des manifestants, faisant des dizaines de morts depuis le d\u00e9but le 28 d\u00e9cembre de la contestation.<\/p>\n","protected":false},"excerpt":{"rendered":"Le chef de la diplomatie iranienne a accus\u00e9 vendredi les \u00c9tats-Unis et Isra\u00ebl d\u2019ing\u00e9rence dans le mouvement de&hellip;\n","protected":false},"author":2,"featured_media":652081,"comment_status":"","ping_status":"","sticky":false,"template":"","format":"standard","meta":{"footnotes":""},"categories":[1589],"tags":[11,73,1866,14,12,1864,1865,1863,308],"class_list":{"0":"post-652080","1":"post","2":"type-post","3":"status-publish","4":"format-standard","5":"has-post-thumbnail","7":"category-etats-unis","8":"tag-actualites","9":"tag-etats-unis","10":"tag-etats-unis-damerique","11":"tag-international","12":"tag-news","13":"tag-united-states","14":"tag-united-states-of-america","15":"tag-us","16":"tag-usa"},"share_on_mastodon":{"url":"https:\/\/pubeurope.com\/@fr\/115866163170000226","error":""},"_links":{"self":[{"href":"https:\/\/www.europesays.com\/fr\/wp-json\/wp\/v2\/posts\/652080","targetHints":{"allow":["GET"]}}],"collection":[{"href":"https:\/\/www.europesays.com\/fr\/wp-json\/wp\/v2\/posts"}],"about":[{"href":"https:\/\/www.europesays.com\/fr\/wp-json\/wp\/v2\/types\/post"}],"author":[{"embeddable":true,"href":"https:\/\/www.europesays.com\/fr\/wp-json\/wp\/v2\/users\/2"}],"replies":[{"embeddable":true,"href":"https:\/\/www.europesays.com\/fr\/wp-json\/wp\/v2\/comments?post=652080"}],"version-history":[{"count":0,"href":"https:\/\/www.europesays.com\/fr\/wp-json\/wp\/v2\/posts\/652080\/revisions"}],"wp:featuredmedia":[{"embeddable":true,"href":"https:\/\/www.europesays.com\/fr\/wp-json\/wp\/v2\/media\/652081"}],"wp:attachment":[{"href":"https:\/\/www.europesays.com\/fr\/wp-json\/wp\/v2\/media?parent=652080"}],"wp:term":[{"taxonomy":"category","embeddable":true,"href":"https:\/\/www.europesays.com\/fr\/wp-json\/wp\/v2\/categories?post=652080"},{"taxonomy":"post_tag","embeddable":true,"href":"https:\/\/www.europesays.com\/fr\/wp-json\/wp\/v2\/tags?post=652080"}],"curies":[{"name":"wp","href":"https:\/\/api.w.org\/{rel}","templated":true}]}}