{"id":652082,"date":"2026-01-09T16:48:11","date_gmt":"2026-01-09T16:48:11","guid":{"rendered":"https:\/\/www.europesays.com\/fr\/652082\/"},"modified":"2026-01-09T16:48:11","modified_gmt":"2026-01-09T16:48:11","slug":"bande-des-6-ghz-le-royaume-uni-va-a-contre-courant-de-lue-et-souhaite-partager-le-spectre-en-wifi-et-mobile","status":"publish","type":"post","link":"https:\/\/www.europesays.com\/fr\/652082\/","title":{"rendered":"Bande des 6 GHz : le Royaume-Uni va \u00e0 contre-courant de l&rsquo;UE et souhaite partager le spectre en Wifi et mobile"},"content":{"rendered":"<p>Les diff\u00e9rents r\u00e9gulateurs autour du monde se penchent actuellement sur l\u2019utilisation de la bande haute dans les 6 GHz et chaque camp tente de r\u00e9cup\u00e9rer cette partie du spectre pour lui.<\/p>\n<p>Un partage de la bande qui serait moins efficace<\/p>\n<p>Le Royaume-Uni pour sa part pourrait partager cette bande si l\u2019on en croit l\u2019Ofcom, l\u2019Arcep britannique. Le r\u00e9gulateur pr\u00e9voirait que cette bande puisse \u00eatre utilis\u00e9e pour du Wifi \u00e0 haute performance dans les lieux o\u00f9 la densit\u00e9 de population peut \u00eatre tr\u00e8s \u00e9lev\u00e9e comme les stades, les gares, les a\u00e9roports, les h\u00f4pitaux, les universit\u00e9s\u2026<\/p>\n<p>Pour \u00e9viter les interf\u00e9rences avec les autres utilisateurs de la bande 6 GHz et notamment pour le mobile, le gendarme des t\u00e9l\u00e9coms britannique envisagerait la mise en place d\u2019une base de donn\u00e9es de coordination automatique des fr\u00e9quences qui serait utilis\u00e9e par les \u00e9quipements afin de communiquer entre eux.<\/p>\n<p>Cela irait donc \u00e0 contre-courant de l\u2019Union Europ\u00e9enne qui pr\u00e9voyait plut\u00f4t que la bande sup\u00e9rieure soit utilis\u00e9e <a href=\"https:\/\/alloforfait.fr\/mobile\/news\/147916-bande-haute-6-ghz-allemagne-prend-position-reseaux-mobiles.html\" target=\"_blank\" rel=\"noopener\">en priorit\u00e9 pour le mobile<\/a>. En France, l\u2019Arcep a d\u2019ailleurs conclu que cela serait <a href=\"https:\/\/alloforfait.fr\/mobile\/news\/147146-5g-ajout-bande-6-ghz-mobile-aurait-impact-positif-empreinte-carbone-operateurs.html\" target=\"_blank\" rel=\"noopener\">b\u00e9n\u00e9fique pour l\u2019empreinte carbone<\/a> des op\u00e9rateurs.<\/p>\n<p>Mais cela ne sera pas avant plusieurs ann\u00e9es pour le mobile tandis que l\u2019utilisation pour le Wifi pourrait se faire presque instantan\u00e9ment. Il n\u2019y aura pas besoin de faire des ench\u00e8res, de donner des licences et les constructeurs sont d\u00e9j\u00e0 pr\u00eats de leur c\u00f4t\u00e9 puisque ce spectre est d\u00e9j\u00e0 utilis\u00e9 ailleurs dans le monde pour le Wifi.<\/p>\n<p>De plus, si un stade, une universit\u00e9, un a\u00e9roport veut s\u2019\u00e9quiper en Wifi 6 GHz, il peut le faire sans demande pr\u00e9alable contrairement au mobile qui n\u00e9cessitera en plus de la paperasse pour chaque antenne avec moult demandes \u00e0 formuler avant de pouvoir d\u00e9ployer.<\/p>\n<p>A noter qu\u2019en cas de partage, la capacit\u00e9 serait bien moindre dans les deux cas de figure. Il ne sera ainsi pas possible de l\u2019utiliser pleinement pour la 6G par exemple.<\/p>\n<p>\t\t\t\t\t\t  Partager<\/p>\n<p>\t\t\t\t\t\t  Partager<\/p>\n<p>\t\t\t\t\t\tCopier l&rsquo;url\t\t\t\t\t\t<\/p>\n<p>\t\t\t\t\t\tEnvoyer par email\t\t\t\t\t\t<\/p>\n<p>\t\t\t\t\t\tPartager sur Facebook\t\t\t\t\t\t\t\t\t\t\t\t<\/p>\n<p>\t\t\t\t\t\tPartager via Whatsapp\t\t\t\t\t\t\t\t\t\t\t\t<\/p>\n<p>\t\t\t\t\t\tPartager sur X (Twitter)\t\t\t\t\t\t\t\t\t\t\t\t<\/p>\n<p>\t\t\t\t\t\tPartager sur Linkedin\t\t\t\t\t\t\t\t\t\t\t\t<\/p>\n<p>\n\t\t\t\tPubli\u00e9 le 9 janvier 20269 janvier 2026 par Geoffrey Thomassin\t\t\t<\/p>\n","protected":false},"excerpt":{"rendered":"Les diff\u00e9rents r\u00e9gulateurs autour du monde se penchent actuellement sur l\u2019utilisation de la bande haute dans les 6&hellip;\n","protected":false},"author":2,"featured_media":652083,"comment_status":"","ping_status":"","sticky":false,"template":"","format":"standard","meta":{"footnotes":""},"categories":[1588],"tags":[11,1777,674,12,473,1853,1851,1850,1852],"class_list":{"0":"post-652082","1":"post","2":"type-post","3":"status-publish","4":"format-standard","5":"has-post-thumbnail","7":"category-royaume-uni","8":"tag-actualites","9":"tag-eu","10":"tag-europe","11":"tag-news","12":"tag-royaume-uni","13":"tag-royaume-uni-de-grande-bretagne-et-dirlande-du-nord","14":"tag-uk","15":"tag-united-kingdom","16":"tag-united-kingdom-of-great-britain-and-northern-ireland"},"share_on_mastodon":{"url":"https:\/\/pubeurope.com\/@fr\/115866167155982141","error":""},"_links":{"self":[{"href":"https:\/\/www.europesays.com\/fr\/wp-json\/wp\/v2\/posts\/652082","targetHints":{"allow":["GET"]}}],"collection":[{"href":"https:\/\/www.europesays.com\/fr\/wp-json\/wp\/v2\/posts"}],"about":[{"href":"https:\/\/www.europesays.com\/fr\/wp-json\/wp\/v2\/types\/post"}],"author":[{"embeddable":true,"href":"https:\/\/www.europesays.com\/fr\/wp-json\/wp\/v2\/users\/2"}],"replies":[{"embeddable":true,"href":"https:\/\/www.europesays.com\/fr\/wp-json\/wp\/v2\/comments?post=652082"}],"version-history":[{"count":0,"href":"https:\/\/www.europesays.com\/fr\/wp-json\/wp\/v2\/posts\/652082\/revisions"}],"wp:featuredmedia":[{"embeddable":true,"href":"https:\/\/www.europesays.com\/fr\/wp-json\/wp\/v2\/media\/652083"}],"wp:attachment":[{"href":"https:\/\/www.europesays.com\/fr\/wp-json\/wp\/v2\/media?parent=652082"}],"wp:term":[{"taxonomy":"category","embeddable":true,"href":"https:\/\/www.europesays.com\/fr\/wp-json\/wp\/v2\/categories?post=652082"},{"taxonomy":"post_tag","embeddable":true,"href":"https:\/\/www.europesays.com\/fr\/wp-json\/wp\/v2\/tags?post=652082"}],"curies":[{"name":"wp","href":"https:\/\/api.w.org\/{rel}","templated":true}]}}