{"id":652084,"date":"2026-01-09T16:49:10","date_gmt":"2026-01-09T16:49:10","guid":{"rendered":"https:\/\/www.europesays.com\/fr\/652084\/"},"modified":"2026-01-09T16:49:10","modified_gmt":"2026-01-09T16:49:10","slug":"pont-de-leurope-bloque-accident-sur-la-m353-voici-comment-rejoindre-lallemagne-ce-vendredi","status":"publish","type":"post","link":"https:\/\/www.europesays.com\/fr\/652084\/","title":{"rendered":"Pont de l\u2019Europe bloqu\u00e9, accident sur la M353\u2026 voici comment rejoindre l\u2019Allemagne ce vendredi"},"content":{"rendered":"<p>                    Par<br \/>\n        <strong><br \/>\n            <a href=\"https:\/\/actu.fr\/auteur\/ivan-capecchi\" title=\"Consulter tous les articles de Ivan CAPECCHI\" target=\"_blank\" rel=\"noopener\">Ivan CAPECCHI<\/a><br \/>\n                    <\/strong><\/p>\n<p>        Publi\u00e9 le<\/p>\n<p>            9 janv. 2026 \u00e0 16h27        <\/p>\n<p>La circulation vers l\u2019<a href=\"https:\/\/actu.fr\/tag\/allemagne\" target=\"_blank\" rel=\"noopener\">Allemagne<\/a> est fortement perturb\u00e9e ce vendredi en raison du <a href=\"https:\/\/actu.fr\/grand-est\/strasbourg_67482\/strasbourg-des-dizaines-d-agriculteurs-bloquent-le-pont-de-l-europe-voici-quand-l-action-doit-prendre-fin_63676610.html\" target=\"_blank\" rel=\"noopener\">blocage du pont de l\u2019Europe par les agriculteurs<\/a>, mais aussi d\u2019un <a href=\"https:\/\/actu.fr\/tag\/accident\" target=\"_blank\" rel=\"noopener\">accident<\/a> sur la <strong>M353<\/strong>.<\/p>\n<p>Accident sur la M353 et blocage du pont de l\u2019Europe<\/p>\n<p class=\" wall-content\">Ce vendredi, un<strong> poids lourd transportant du pl\u00e2tre a pris feu<\/strong> sur la M353, avant la sortie Eschau-Parc d\u2019innovation d\u2019Illkirch. La circulation dans le sens Fegersheim vers l\u2019Allemagne est bloqu\u00e9e. L\u2019heure de reprise est pour le moment <strong>inconnue<\/strong>, d\u2019apr\u00e8s la CRS autorouti\u00e8re jointe par nos soins.<\/p>\n<p class=\" wall-content\">Dans le m\u00eame temps, le pont de l\u2019Europe est bloqu\u00e9 par une <strong>mobilisation d\u2019agriculteurs<\/strong>, avec une <strong>r\u00e9ouverture annonc\u00e9e \u00e0 19h<\/strong>.<\/p>\n<p>    <a href=\"https:\/\/www.facebook.com\/plugins\/post.php?href=https%3A%2F%2Fwww.facebook.com%2FITBR67%2Fposts%2Fpfbid07iGQEnoehAgPk4anCrjhWNavncfH4XZx2jspQ9ZoUdLxjkP3vmHSWdiKWEW9WyZ5l&amp;show_text=true&amp;width=350\" title=\"Ouvrie le lien\" target=\"_blank\" rel=\"noopener\">Cliquez ici pour visualiser le contenu<\/a><\/p>\n<p>Les recommandations d\u2019Info trafic Bas-Rhin pour rejoindre l\u2019Allemagne<\/p>\n<p class=\" wall-content\">Pour rejoindre l\u2019Allemagne, Info trafic Bas-Rhin recommande alors \u00ab\u2009un passage via <strong>Gambsheim au nord<\/strong>, <strong>Gerstheim au sud<\/strong> et en passant par le<strong> Port du Rhin<\/strong> ou via le <strong>Baggersee<\/strong> pour reprendre la <strong>rocade sud vers l\u2019Allemagne<\/strong> au niveau de <strong>l\u2019\u00e9changeur d\u2019Eschau<\/strong>\u2009\u00bb.<\/p>\n<p class=\" wall-content\">Personnalisez votre actualit\u00e9 en ajoutant vos villes et m\u00e9dias en favori avec <a href=\"https:\/\/moncompte.actu.fr\" title=\"D\u00e9couvez Mon Actu\" rel=\"nofollow noopener\" data-trk=\"{&quot;cta&quot;:{&quot;action&quot;:&quot;https:\\\/\\\/moncompte.actu.fr&quot;,&quot;category&quot;:&quot;mon compte&quot;,&quot;from&quot;:&quot;article footer&quot;,&quot;name&quot;:&quot;Mon actu&quot;,&quot;type&quot;:&quot;cta&quot;}}\" target=\"_blank\">Mon Actu<\/a>.<\/p>\n","protected":false},"excerpt":{"rendered":"Par Ivan CAPECCHI Publi\u00e9 le 9 janv. 2026 \u00e0 16h27 La circulation vers l\u2019Allemagne est fortement perturb\u00e9e ce&hellip;\n","protected":false},"author":2,"featured_media":652085,"comment_status":"","ping_status":"","sticky":false,"template":"","format":"standard","meta":{"footnotes":""},"categories":[1587],"tags":[119,11,672,1804,1805,1803,1777,674,1801,1272,12,1802,104],"class_list":{"0":"post-652084","1":"post","2":"type-post","3":"status-publish","4":"format-standard","5":"has-post-thumbnail","7":"category-allemagne","8":"tag-accident","9":"tag-actualites","10":"tag-allemagne","11":"tag-bundesrepublik-deutschland","12":"tag-de","13":"tag-deutschland","14":"tag-eu","15":"tag-europe","16":"tag-germany","17":"tag-manifestations","18":"tag-news","19":"tag-republique-federale-dallemagne","20":"tag-societe"},"share_on_mastodon":{"url":"https:\/\/pubeurope.com\/@fr\/115866171157923662","error":""},"_links":{"self":[{"href":"https:\/\/www.europesays.com\/fr\/wp-json\/wp\/v2\/posts\/652084","targetHints":{"allow":["GET"]}}],"collection":[{"href":"https:\/\/www.europesays.com\/fr\/wp-json\/wp\/v2\/posts"}],"about":[{"href":"https:\/\/www.europesays.com\/fr\/wp-json\/wp\/v2\/types\/post"}],"author":[{"embeddable":true,"href":"https:\/\/www.europesays.com\/fr\/wp-json\/wp\/v2\/users\/2"}],"replies":[{"embeddable":true,"href":"https:\/\/www.europesays.com\/fr\/wp-json\/wp\/v2\/comments?post=652084"}],"version-history":[{"count":0,"href":"https:\/\/www.europesays.com\/fr\/wp-json\/wp\/v2\/posts\/652084\/revisions"}],"wp:featuredmedia":[{"embeddable":true,"href":"https:\/\/www.europesays.com\/fr\/wp-json\/wp\/v2\/media\/652085"}],"wp:attachment":[{"href":"https:\/\/www.europesays.com\/fr\/wp-json\/wp\/v2\/media?parent=652084"}],"wp:term":[{"taxonomy":"category","embeddable":true,"href":"https:\/\/www.europesays.com\/fr\/wp-json\/wp\/v2\/categories?post=652084"},{"taxonomy":"post_tag","embeddable":true,"href":"https:\/\/www.europesays.com\/fr\/wp-json\/wp\/v2\/tags?post=652084"}],"curies":[{"name":"wp","href":"https:\/\/api.w.org\/{rel}","templated":true}]}}