{"id":652086,"date":"2026-01-09T16:50:10","date_gmt":"2026-01-09T16:50:10","guid":{"rendered":"https:\/\/www.europesays.com\/fr\/652086\/"},"modified":"2026-01-09T16:50:10","modified_gmt":"2026-01-09T16:50:10","slug":"plusieurs-matchs-de-football-reportes-en-europe-a-cause-des-conditions-meteos-dantesques","status":"publish","type":"post","link":"https:\/\/www.europesays.com\/fr\/652086\/","title":{"rendered":"Plusieurs matchs de football report\u00e9s en Europe \u00e0 cause des conditions m\u00e9t\u00e9os dantesques"},"content":{"rendered":"<p>En raison de la temp\u00eate Goretti et des chutes de neige, plusieurs matchs de National 2, National 3 et Coupe Gambardella pr\u00e9vus ce week-end ont \u00e9t\u00e9 report\u00e9s. Ce vendredi, la F\u00e9d\u00e9ration fran\u00e7aise de football a d\u00e9voil\u00e9 les rencontres touch\u00e9es dans une liste susceptible de cro\u00eetre dans les prochaines heures.<\/p>\n<p>La <a href=\"https:\/\/www.bfmtv.com\/meteo\/direct-tempete-goretti-33-departements-en-vigilance-orange-pour-des-risques-de-vents-violents-une-rafale-a-213km-h-enregistree-dans-la-manche_LN-202601090091.html\" title=\"DIRECT. Temp\u00eate Goretti: une partie du trafic des trains reprend en Normandie, deux d\u00e9partements maintenus en vigilance orange\" class=\"internal_link\" target=\"_blank\" rel=\"noopener\">temp\u00eate Goretti<\/a> continue de faire des d\u00e9g\u00e2ts. Si les quelques centim\u00e8tres de neige tomb\u00e9s un peu partout en France ont fait des heureux ces derniers jours, les vents violents se sont d\u00e9cha\u00een\u00e9s ces derni\u00e8res heures et se poursuivent ce week-end.<\/p>\n<p>Des conditions m\u00e9t\u00e9orologiques qui ont pouss\u00e9 la F\u00e9d\u00e9ration fran\u00e7aise de football \u00e0 une pr\u00e9caution maximale pour limiter tous les risques. Dans un communiqu\u00e9, l&rsquo;instance sportive a officialis\u00e9 ce vendredi le report de plusieurs rencontres pr\u00e9vues dans les prochaines heures.<\/p>\n<p>D\u00e9j\u00e0 21 rencontres concern\u00e9es<\/p>\n<p>\u00ab\u00a0Depuis le d\u00e9but de semaine, les temp\u00e9ratures ont drastiquement chut\u00e9 dans toute la France, \u00e9galement touch\u00e9e par endroits par des chutes de neige. En raison de ces conditions climatiques, plusieurs matches de championnats nationaux pr\u00e9vus vendredi 9, samedi 10 et dimanche 11 janvier 2026 ont \u00e9t\u00e9 report\u00e9s \u00e0 une date ult\u00e9rieure\u00a0\u00bb, \u00e9crit la FFF <a href=\"https:\/\/www.fff.fr\/article\/16042-la-liste-des-matches-reportes.html\" target=\"_blank\" class=\"external_link\" rel=\"noopener\">sur son site<\/a> ce vendredi 9 janvier.<\/p>\n<p>\u00c0 l&rsquo;heure actuelle, huit matchs de la 14e journ\u00e9e de National 2 ont \u00e9t\u00e9 report\u00e9s, dont six du groupe B. La Roche-US Granville dans le groupe A et Bobiny-Rumilly-Valli\u00e8res dans le groupe C sont \u00e9galement concern\u00e9s.Trois autres rencontres de cette journ\u00e9e avaient d\u00e9j\u00e0 \u00e9t\u00e9 report\u00e9es au 31 janvier puisque Avranches (contre Strasbourg samedi), Istres (contre Laval samedi) et Chantilly (contre Rennes dimanche) jouent leurs 16es de finale de Coupe de France.<\/p>\n<p>En National 3, ce sont pas moins de onze matchs qui sont report\u00e9s parmi six des huit groupes, tandis que deux rencontres des 32e de finale de la Coupe Gambardella ne se joueront pas non plus ce week-end : US Chantilly-CA Pontarlier et Melun FC-Montfermeil FC.<\/p>\n<p><strong>La liste des matchs report\u00e9s :<\/strong><\/p>\n<ul class=\"list_unordered\">\n<li>La Roche VF &#8211; US Grandville (N2)<\/li>\n<li>FCSR Haguenau &#8211; AS Beauvois Oise (N2)<\/li>\n<li>Bourges FC &#8211; US Thionville (N2)<\/li>\n<li>Blois &#8211; Furiani Agliani (N2)<\/li>\n<li>ASC Biesheim &#8211; Epinal SAS (N2)<\/li>\n<li>FC Chambly Oise &#8211; Entente Feignies Aulnoye (N2)<\/li>\n<li>Wasquehal Foot &#8211; FC Dieppe (N2<\/li>\n<li>FC 93 Bobigny &#8211; GFA Rumilly-Valli\u00e8res (N2)<\/li>\n<li>On\u00eat-le-Ch\u00e2teau &#8211; Pau FC (N3)<\/li>\n<li>Les Sables VF &#8211; Challans FC (N3)<\/li>\n<li>FC Nantes &#8211; Union Foot Touraine (N3)<\/li>\n<li>Fontenay Vend\u00e9e &#8211; La Chataigneraie (N3)<\/li>\n<li>CMS Oissel &#8211; Havre Caucriauville Sportif HSC (N3)<\/li>\n<li>ESA Linas-Montlh\u00e9ry &#8211; Sainte-Genevi\u00e8ve (N3)<\/li>\n<li>Amiens SCF &#8211; FC Metz (N3)<\/li>\n<li>Neuilly-sur-Marne &#8211; Croix FIC (N3)<\/li>\n<li>Racing Besan\u00e7on &#8211; RC Strasbourg Alsace (N3)<\/li>\n<li>Belfortaine ASM FC &#8211; Mulhouse FC (N3)<\/li>\n<\/ul>\n<p>La Coupe de France pas concern\u00e9e&#8230; pour le moment<\/p>\n<p>Pour l&rsquo;instant, aucune rencontre de <a href=\"https:\/\/rmcsport.bfmtv.com\/football\/coupe-de-france\/\" target=\"_blank\" class=\"external_link\" rel=\"noopener\">Coupe de France<\/a> n&rsquo;est perturb\u00e9e mais la FFF pr\u00e9cise bien sur son site que la liste des matchs report\u00e9s \u00ab\u00a0n&rsquo;est pas exhaustive et est susceptible d&rsquo;\u00e9voluer\u00a0\u00bb. Les affiches des 16es de finale de la comp\u00e9tition sont majoritairement r\u00e9parties entre samedi et dimanche mais se poursuivront lundi avec <a href=\"https:\/\/rmcsport.bfmtv.com\/football\/ligue-1\/on-existe-en-tant-que-nous-pas-dans-l-opposition-derriere-le-psg-l-autre-visage-du-football-francilien_AV-202601030030.html\" title=\"&quot;On existe en tant que nous, pas dans l&#039;opposition&quot;: derri\u00e8re le PSG, l\u2019autre visage du football francilien\" class=\"internal_link\" target=\"_blank\" rel=\"noopener\">PSG-PFC<\/a> et mardi avec <a href=\"https:\/\/rmcsport.bfmtv.com\/football\/coupe-de-france\/coupe-de-france-le-patron-de-be-in-sports-en-a-marre-de-ces-polemiques-sur-l-horaire-de-bayeux-om_AV-202512230727.html\" title=\"Coupe de France: le patron de beIN Sports en a &quot;marre de ces pol\u00e9miques&quot; sur l\u2019horaire de Bayeux-OM\" class=\"internal_link\" target=\"_blank\" rel=\"noopener\">Bayeux-OM<\/a>.<\/p>\n<p>En Allemagne, un match de la 16e journ\u00e9e de Bundesliga est d&rsquo;ores et d\u00e9j\u00e0 report\u00e9. La Ligue allemande (DFL) a annonc\u00e9 vendredi que la rencontre entre St. Pauli et le RB Leipzig programm\u00e9 samedi \u00e0 Hambourg \u00e9tait report\u00e9e \u00e0 une date ult\u00e9rieure, qui n&rsquo;est pas encore fix\u00e9e.<\/p>\n<p>\u00ab\u00a0Apr\u00e8s concertation avec les autorit\u00e9s locales, la s\u00e9curit\u00e9 de toutes les personnes concern\u00e9es le jour du match ne pouvait pas \u00eatre garantie en raison des chutes de neige persistantes, des conditions glissantes et du temps temp\u00e9tueux\u00a0\u00bb, a expliqu\u00e9 la Ligue dans un communiqu\u00e9.<\/p>\n<p>La temp\u00eate de neige Elli balaie depuis vendredi matin le nord de l&rsquo;Allemagne, avec d&rsquo;importantes chutes de neige (jusqu&rsquo;\u00e0 15 centim\u00e8tres) et des vents violents. \u00c0 Hambourg, les \u00e9coles sont rest\u00e9es ferm\u00e9es ce vendredi.<\/p>\n","protected":false},"excerpt":{"rendered":"En raison de la temp\u00eate Goretti et des chutes de neige, plusieurs matchs de National 2, National 3&hellip;\n","protected":false},"author":2,"featured_media":652087,"comment_status":"","ping_status":"","sticky":false,"template":"","format":"standard","meta":{"footnotes":""},"categories":[1586],"tags":[11,1777,674,1011,27,12,25],"class_list":{"0":"post-652086","1":"post","2":"type-post","3":"status-publish","4":"format-standard","5":"has-post-thumbnail","7":"category-europe","8":"tag-actualites","9":"tag-eu","10":"tag-europe","11":"tag-fr","12":"tag-france","13":"tag-news","14":"tag-republique-francaise"},"share_on_mastodon":{"url":"https:\/\/pubeurope.com\/@fr\/115866174962231848","error":""},"_links":{"self":[{"href":"https:\/\/www.europesays.com\/fr\/wp-json\/wp\/v2\/posts\/652086","targetHints":{"allow":["GET"]}}],"collection":[{"href":"https:\/\/www.europesays.com\/fr\/wp-json\/wp\/v2\/posts"}],"about":[{"href":"https:\/\/www.europesays.com\/fr\/wp-json\/wp\/v2\/types\/post"}],"author":[{"embeddable":true,"href":"https:\/\/www.europesays.com\/fr\/wp-json\/wp\/v2\/users\/2"}],"replies":[{"embeddable":true,"href":"https:\/\/www.europesays.com\/fr\/wp-json\/wp\/v2\/comments?post=652086"}],"version-history":[{"count":0,"href":"https:\/\/www.europesays.com\/fr\/wp-json\/wp\/v2\/posts\/652086\/revisions"}],"wp:featuredmedia":[{"embeddable":true,"href":"https:\/\/www.europesays.com\/fr\/wp-json\/wp\/v2\/media\/652087"}],"wp:attachment":[{"href":"https:\/\/www.europesays.com\/fr\/wp-json\/wp\/v2\/media?parent=652086"}],"wp:term":[{"taxonomy":"category","embeddable":true,"href":"https:\/\/www.europesays.com\/fr\/wp-json\/wp\/v2\/categories?post=652086"},{"taxonomy":"post_tag","embeddable":true,"href":"https:\/\/www.europesays.com\/fr\/wp-json\/wp\/v2\/tags?post=652086"}],"curies":[{"name":"wp","href":"https:\/\/api.w.org\/{rel}","templated":true}]}}