{"id":652096,"date":"2026-01-09T16:57:10","date_gmt":"2026-01-09T16:57:10","guid":{"rendered":"https:\/\/www.europesays.com\/fr\/652096\/"},"modified":"2026-01-09T16:57:10","modified_gmt":"2026-01-09T16:57:10","slug":"la-composition-toulonnaise-pour-affronter-le-munster-baptiste-serin-forfait-charles-ollivon-en-deuxieme-ligne","status":"publish","type":"post","link":"https:\/\/www.europesays.com\/fr\/652096\/","title":{"rendered":"La composition Toulonnaise pour affronter le Munster : Baptiste Serin forfait, Charles Ollivon en deuxi\u00e8me ligne"},"content":{"rendered":"<p>Ce dimanche apr\u00e8s-midi, le Rugby Club Toulonnais accueillera le Munster au Stade Mayol, dans le cadre de la 3\u00e8me journ\u00e9e de la Champions Cup.<\/p>\n<p>Ce vendredi, le manager Toulonnais Pierre Mignoni a d\u00e9voil\u00e9 la composition d\u2019\u00e9quipe pour cette rencontre.<\/p>\n<p>Comme pressenti, Baptiste Serin est finalement forfait pour ce match. C\u2019est Ben White qui d\u00e9butera en 9.<\/p>\n<p>En revanche, l\u2019arri\u00e8re Marius Domon sera bien titulaire en 15.<\/p>\n<p>Devant, Jean-Baptiste Gros va faire son grand retour \u00e0 gauche. Il sera align\u00e9 aux c\u00f4t\u00e9s de Kyle Sinckler \u00e0 droite et de Teddy Baubigny au talon.<\/p>\n<p>En seconde ligne, David Ribbans sera associ\u00e9 au capitaine Charles Ollivon.<\/p>\n<p>En troisi\u00e8me ligne, Zach Mercer sera entour\u00e9 par Esteban Abadie et Lewis Ludlam.<\/p>\n<p>Tomas Albornoz sera titularis\u00e9 \u00e0 l\u2019ouverture.<\/p>\n<p>Derri\u00e8re, Juan Ignacio Brex formera la paire de centres avec J\u00e9r\u00e9my Sinzelle tandis que Mathis Fert\u00e9 d\u00e9butera \u00e0 l\u2019aile avec Ga\u00ebl Dr\u00e9an.<\/p>\n<p>Sur le banc des rempla\u00e7ants, on retrouvera les jeunes L\u00e9o Ametlla, J\u00e9r\u00e9my Toevalu ou encore Jules Coulon et Corentin M\u00e9zou.<\/p>\n<p><strong>Voici la composition du Rugby Club Toulonnais :<\/strong><\/p>\n<p>1\/ Jean-Baptiste Gros<br \/>2\/ Teddy Baubigny<br \/>3\/ Kyle Sinckler<br \/>4\/ Charles Ollivon (.cap)<br \/>5\/ David Ribbans<br \/>6\/ Lewis Ludlam<br \/>7\/ Esteban Abadie<br \/>8\/ Zach Mercer<br \/>9\/ Ben White<br \/>10\/ Tomas Albornoz<br \/>11\/ Matthis Fert\u00e9<br \/>12\/ J\u00e9r\u00e9my Sinzelle<br \/>13\/ Juan Ignacio Brex<br \/>14\/ Ga\u00ebl Dr\u00e9an<br \/>15\/ Marius Domon<\/p>\n<p><strong>Les rempla\u00e7ants :\u00a0<\/strong><\/p>\n<p>16\/ J\u00e9r\u00e9my Toavelu<br \/>17\/ L\u00e9o Ametlla<br \/>18\/ Dany Priso<br \/>19\/ Brian Alainu\u2019Uese<br \/>20\/ Corentin M\u00e9zou<br \/>21\/ Jules Coulon<br \/>22\/ Paolo Garbisi<br \/>23\/ Setariki Tuicuvu<\/p>\n","protected":false},"excerpt":{"rendered":"Ce dimanche apr\u00e8s-midi, le Rugby Club Toulonnais accueillera le Munster au Stade Mayol, dans le cadre de la&hellip;\n","protected":false},"author":2,"featured_media":564470,"comment_status":"","ping_status":"","sticky":false,"template":"","format":"standard","meta":{"footnotes":""},"categories":[1416],"tags":[1011,27,479,1468,60],"class_list":{"0":"post-652096","1":"post","2":"type-post","3":"status-publish","4":"format-standard","5":"has-post-thumbnail","7":"category-rugby","8":"tag-fr","9":"tag-france","10":"tag-rugby","11":"tag-rugby-football","12":"tag-sports"},"share_on_mastodon":{"url":"https:\/\/pubeurope.com\/@fr\/115866202624337205","error":""},"_links":{"self":[{"href":"https:\/\/www.europesays.com\/fr\/wp-json\/wp\/v2\/posts\/652096","targetHints":{"allow":["GET"]}}],"collection":[{"href":"https:\/\/www.europesays.com\/fr\/wp-json\/wp\/v2\/posts"}],"about":[{"href":"https:\/\/www.europesays.com\/fr\/wp-json\/wp\/v2\/types\/post"}],"author":[{"embeddable":true,"href":"https:\/\/www.europesays.com\/fr\/wp-json\/wp\/v2\/users\/2"}],"replies":[{"embeddable":true,"href":"https:\/\/www.europesays.com\/fr\/wp-json\/wp\/v2\/comments?post=652096"}],"version-history":[{"count":0,"href":"https:\/\/www.europesays.com\/fr\/wp-json\/wp\/v2\/posts\/652096\/revisions"}],"wp:featuredmedia":[{"embeddable":true,"href":"https:\/\/www.europesays.com\/fr\/wp-json\/wp\/v2\/media\/564470"}],"wp:attachment":[{"href":"https:\/\/www.europesays.com\/fr\/wp-json\/wp\/v2\/media?parent=652096"}],"wp:term":[{"taxonomy":"category","embeddable":true,"href":"https:\/\/www.europesays.com\/fr\/wp-json\/wp\/v2\/categories?post=652096"},{"taxonomy":"post_tag","embeddable":true,"href":"https:\/\/www.europesays.com\/fr\/wp-json\/wp\/v2\/tags?post=652096"}],"curies":[{"name":"wp","href":"https:\/\/api.w.org\/{rel}","templated":true}]}}