{"id":652099,"date":"2026-01-09T17:02:10","date_gmt":"2026-01-09T17:02:10","guid":{"rendered":"https:\/\/www.europesays.com\/fr\/652099\/"},"modified":"2026-01-09T17:02:10","modified_gmt":"2026-01-09T17:02:10","slug":"une-ancienne-championne-deurope-integre-le-staff-de-cofidis-actualite","status":"publish","type":"post","link":"https:\/\/www.europesays.com\/fr\/652099\/","title":{"rendered":"Une ancienne Championne d&rsquo;Europe int\u00e8gre le staff de Cofidis &#8211; Actualit\u00e9"},"content":{"rendered":"<p style=\"text-align: justify;\">Cofidis renforce son staff en 2026. La structure fran\u00e7aise annonce l&rsquo;arriv\u00e9e dans ses rangs de <strong><a href=\"https:\/\/www.directvelo.com\/coureur\/12221\/soline-lamboley\" target=\"_blank\" rel=\"noopener\">Soline Lamboley<\/a><\/strong>, qui int\u00e8gre l&rsquo;\u00e9quipe comme pr\u00e9paratrice mentale \u00e0 temps plein, autant pour les hommes que pour les femmes.<\/p>\n<p style=\"text-align: justify;\">Soline Lamboley, 29 ans, conna\u00eet la comp\u00e9tition puisqu&rsquo;elle a particuli\u00e8rement brill\u00e9 dans les jeunes cat\u00e9gories, que ce soit sur la piste ou sur la route. Sur le bitume, elle a d\u00e9croch\u00e9 le titre de Championne de France Cadettes en 2012, puis le maillot tricolore chez les Juniors, deux ans plus tard, en plus d&rsquo;autres r\u00e9sultats dans ces cat\u00e9gories.<\/p>\n<p>Dans les v\u00e9lodromes, Soline Lamboley a \u00e9toff\u00e9 son palmar\u00e8s avec un titre de Championne d&rsquo;Europe Espoirs du Scratch, en 2015.\u00a0Outre ses titres nationaux, toujours dans les jeunes cat\u00e9gories, elle a \u00e9galement glan\u00e9 deux m\u00e9dailles d&rsquo;argent et une m\u00e9daille de bronze aux Championnats du Monde Juniors (l&rsquo;argent \u00e0 l&rsquo;Omnium en 2013, puis l&rsquo;argent en Scratch et le bronze \u00e0 l&rsquo;Omnium en 2014).<\/p>\n<p>Apr\u00e8s avoir port\u00e9 les couleurs de l&rsquo;AC Bisontine, puis de SAS-Macogep en Continental, Soline Lamboley annonce mettre un terme \u00e0 sa carri\u00e8re \u00e0 l&rsquo;\u00e9t\u00e9 2018, <strong><a href=\"https:\/\/www.directvelo.com\/actualite\/67880\/soline-lamboley-j-arrete\" target=\"_blank\" rel=\"noopener\">\u00e0 cause de plusieurs blessures, notamment au genou<\/a><\/strong>. Depuis, elle a donc op\u00e9r\u00e9 une reconversion comme pr\u00e9paratrice mentale, et aura ainsi l&rsquo;opportunit\u00e9 en 2026 d&rsquo;officier dans le milieu professionnel.<\/p>\n","protected":false},"excerpt":{"rendered":"Cofidis renforce son staff en 2026. La structure fran\u00e7aise annonce l&rsquo;arriv\u00e9e dans ses rangs de Soline Lamboley, qui&hellip;\n","protected":false},"author":2,"featured_media":652100,"comment_status":"","ping_status":"","sticky":false,"template":"","format":"standard","meta":{"footnotes":""},"categories":[1411],"tags":[834,828,836,829,837,827,83,826,824,823,1154,207,814,817,815,816,822,821,832,211,839,1011,27,820,818,819,835,831,830,833,838,60,212,208,825],"class_list":{"0":"post-652099","1":"post","2":"type-post","3":"status-publish","4":"format-standard","5":"has-post-thumbnail","7":"category-cyclisme","8":"tag-attaque","9":"tag-belgique","10":"tag-braquet","11":"tag-bretagne","12":"tag-chute","13":"tag-competition","14":"tag-coupe-de-france","15":"tag-coureur","16":"tag-course-cyclisme","17":"tag-course-cycliste","18":"tag-cycling","19":"tag-cyclisme","20":"tag-direct","21":"tag-direct-velo","22":"tag-directvelo","23":"tag-directvelo-com","24":"tag-epreuve","25":"tag-epreuve-cycliste","26":"tag-federation-francaise-de-cyclisme","27":"tag-ffc","28":"tag-flandres","29":"tag-fr","30":"tag-france","31":"tag-live","32":"tag-live-course","33":"tag-live-epreuve","34":"tag-peloton","35":"tag-radio-peloton","36":"tag-radio-tour","37":"tag-ravitaillement","38":"tag-relance","39":"tag-sports","40":"tag-uci","41":"tag-velo","42":"tag-velos"},"share_on_mastodon":{"url":"https:\/\/pubeurope.com\/@fr\/115866222182694014","error":""},"_links":{"self":[{"href":"https:\/\/www.europesays.com\/fr\/wp-json\/wp\/v2\/posts\/652099","targetHints":{"allow":["GET"]}}],"collection":[{"href":"https:\/\/www.europesays.com\/fr\/wp-json\/wp\/v2\/posts"}],"about":[{"href":"https:\/\/www.europesays.com\/fr\/wp-json\/wp\/v2\/types\/post"}],"author":[{"embeddable":true,"href":"https:\/\/www.europesays.com\/fr\/wp-json\/wp\/v2\/users\/2"}],"replies":[{"embeddable":true,"href":"https:\/\/www.europesays.com\/fr\/wp-json\/wp\/v2\/comments?post=652099"}],"version-history":[{"count":0,"href":"https:\/\/www.europesays.com\/fr\/wp-json\/wp\/v2\/posts\/652099\/revisions"}],"wp:featuredmedia":[{"embeddable":true,"href":"https:\/\/www.europesays.com\/fr\/wp-json\/wp\/v2\/media\/652100"}],"wp:attachment":[{"href":"https:\/\/www.europesays.com\/fr\/wp-json\/wp\/v2\/media?parent=652099"}],"wp:term":[{"taxonomy":"category","embeddable":true,"href":"https:\/\/www.europesays.com\/fr\/wp-json\/wp\/v2\/categories?post=652099"},{"taxonomy":"post_tag","embeddable":true,"href":"https:\/\/www.europesays.com\/fr\/wp-json\/wp\/v2\/tags?post=652099"}],"curies":[{"name":"wp","href":"https:\/\/api.w.org\/{rel}","templated":true}]}}