{"id":652101,"date":"2026-01-09T17:03:11","date_gmt":"2026-01-09T17:03:11","guid":{"rendered":"https:\/\/www.europesays.com\/fr\/652101\/"},"modified":"2026-01-09T17:03:11","modified_gmt":"2026-01-09T17:03:11","slug":"marvin-de-lima-mon-agent-mavait-fait-des-promesses-qui-nont-pas-abouti","status":"publish","type":"post","link":"https:\/\/www.europesays.com\/fr\/652101\/","title":{"rendered":"Marvin De Lima : \u00ab\u00a0Mon agent m\u2019avait fait des promesses qui n\u2019ont pas abouti\u00a0\u00bb"},"content":{"rendered":"<p><img decoding=\"async\" src=\"https:\/\/www.europesays.com\/fr\/wp-content\/uploads\/2026\/01\/671_7f394c7f1908a6f1143c83cdb22a504e.jpg\" alt=\"Marvin De Lima : &quot;Mon agent m\u2019avait fait des promesses qui n\u2019ont pas abouti&quot;\" class=\"img-responsive mt-3\"\/><\/p>\n<p class=\"text-center mb-3\" style=\"font-size: 14px\">\u00a9 Iconsport<\/p>\n<p>      <strong>Girondins &#8211; Marvin De Lima : \u201cIl y a forc\u00e9ment un pincement au c\u0153ur\u201d<\/strong><\/p>\n<p>Marvin de Lima est pass\u00e9 de la Ligue 2 au National 2.<\/p>\n<p style=\"text-align: justify;\">Marvin De Lima dans Sud Ouest sur la s\u00e9paration : \u00ab\u00a0\u00c7a \u00e9t\u00e9 brutal. \u00c7a a fait bizarre de partir comme \u00e7a, sans avoir montr\u00e9 tout ce que je pouvais apporter. Mon agent m\u2019avait fait des promesses qui n\u2019ont pas abouti, je pensais rebondir au moins au m\u00eame niveau (L2).\u00a0\u00bb<\/p>\n<p><strong>Sur son retour au Stade Atlantique<\/strong><\/p>\n<p style=\"text-align: justify;\">\u00ab\u00a0C\u2019est un match important pour moi, \u00e7a me fait plaisir de revenir, de voir tous les supporters, un ancien co\u00e9quipier. C\u2019est particulier de jouer le club qui m\u2019a fait \u00e9voluer et go\u00fbter au monde professionnel. Il y a forc\u00e9ment un pincement au c\u0153ur.\u00a0\u00bb<\/p>\n<p style=\"text-align: justify;\">Marvin de Lima devrait \u00eatre dans le groupe de l&rsquo;Aviron pour cette 14e journ\u00e9e de National 2.<\/p>\n<p>Entretien \u00e0 lire. <strong><a href=\"https:\/\/www.webgirondins.com\/actualite-autour-des-girondins-bordeaux-bayonne-santiago-cucci-se-confie-avant-de-retrouver-les-girondins-131727\" target=\"_blank\" rel=\"noopener\">Bordeaux-Bayonne : Santiago Cucci se confie avant de retrouver les Girondins<\/a><\/strong><\/p>\n<p>\u00c9coutez notre podcast court sur l&rsquo;actualit\u00e9 des Girondins :<\/p>\n<p>\u00a0<\/p>\n","protected":false},"excerpt":{"rendered":"\u00a9 Iconsport Girondins &#8211; Marvin De Lima : \u201cIl y a forc\u00e9ment un pincement au c\u0153ur\u201d Marvin de&hellip;\n","protected":false},"author":2,"featured_media":652102,"comment_status":"","ping_status":"","sticky":false,"template":"","format":"standard","meta":{"footnotes":""},"categories":[1410],"tags":[75603,11240,8851,3810,43478,1997,18493,18637,31404,21,63,4988,1011,27,1987,58606,66976,11078,10126,3107,60],"class_list":{"0":"post-652101","1":"post","2":"type-post","3":"status-publish","4":"format-standard","5":"has-post-thumbnail","7":"category-football","8":"tag-abouti","9":"tag-agent","10":"tag-avait","11":"tag-aviron","12":"tag-bayonnais","13":"tag-bordeaux","14":"tag-couleurs","15":"tag-desormais","16":"tag-evolue","17":"tag-fait","18":"tag-football","19":"tag-forme","20":"tag-fr","21":"tag-france","22":"tag-girondins","23":"tag-lima","24":"tag-marvin","25":"tag-mon","26":"tag-promesses","27":"tag-sous","28":"tag-sports"},"share_on_mastodon":{"url":"https:\/\/pubeurope.com\/@fr\/115866226450253429","error":""},"_links":{"self":[{"href":"https:\/\/www.europesays.com\/fr\/wp-json\/wp\/v2\/posts\/652101","targetHints":{"allow":["GET"]}}],"collection":[{"href":"https:\/\/www.europesays.com\/fr\/wp-json\/wp\/v2\/posts"}],"about":[{"href":"https:\/\/www.europesays.com\/fr\/wp-json\/wp\/v2\/types\/post"}],"author":[{"embeddable":true,"href":"https:\/\/www.europesays.com\/fr\/wp-json\/wp\/v2\/users\/2"}],"replies":[{"embeddable":true,"href":"https:\/\/www.europesays.com\/fr\/wp-json\/wp\/v2\/comments?post=652101"}],"version-history":[{"count":0,"href":"https:\/\/www.europesays.com\/fr\/wp-json\/wp\/v2\/posts\/652101\/revisions"}],"wp:featuredmedia":[{"embeddable":true,"href":"https:\/\/www.europesays.com\/fr\/wp-json\/wp\/v2\/media\/652102"}],"wp:attachment":[{"href":"https:\/\/www.europesays.com\/fr\/wp-json\/wp\/v2\/media?parent=652101"}],"wp:term":[{"taxonomy":"category","embeddable":true,"href":"https:\/\/www.europesays.com\/fr\/wp-json\/wp\/v2\/categories?post=652101"},{"taxonomy":"post_tag","embeddable":true,"href":"https:\/\/www.europesays.com\/fr\/wp-json\/wp\/v2\/tags?post=652101"}],"curies":[{"name":"wp","href":"https:\/\/api.w.org\/{rel}","templated":true}]}}