{"id":652119,"date":"2026-01-09T17:13:14","date_gmt":"2026-01-09T17:13:14","guid":{"rendered":"https:\/\/www.europesays.com\/fr\/652119\/"},"modified":"2026-01-09T17:13:14","modified_gmt":"2026-01-09T17:13:14","slug":"ce-que-lon-sait-de-levacuation-inedite-annoncee-par-la-nasa","status":"publish","type":"post","link":"https:\/\/www.europesays.com\/fr\/652119\/","title":{"rendered":"ce que l&rsquo;on sait de l&rsquo;\u00e9vacuation in\u00e9dite annonc\u00e9e par la Nasa"},"content":{"rendered":"<p>Une situation in\u00e9dite et une premi\u00e8re \u00e0 bord de l&rsquo;ISS. La Nasa a annonc\u00e9 qu&rsquo;elle allait <a href=\"https:\/\/www.ledauphine.com\/science-et-technologie\/2026\/01\/08\/un-astronaute-malade-a-bord-de-l-iss-evacue-la-nasa-etudie-toutes-les-options\" target=\"_blank\" rel=\"noopener\">\u00e9vacuer Crew-11 de la station spatiale internationale<\/a>. La raison\u00a0? L&rsquo;un ou l&rsquo;une des astronautes est malade.\u00a0Il s&rsquo;agit de \u00ab la premi\u00e8re fois que nous proc\u00e9dons \u00e0 une \u00e9vacuation m\u00e9dicale contr\u00f4l\u00e9e depuis la station \u00bb, a pr\u00e9cis\u00e9 le haut responsable de la Nasa Amit Kshatriya. Cette \u00e9quipe est compos\u00e9e de quatre personnes\u00a0: deux Am\u00e9ricains, un Japonais et un Russe.\u00a0Crew-11, sous l&rsquo;\u00e9gide de SpaceX, a d\u00e9coll\u00e9 le 31 juillet et est arriv\u00e9e dans l&rsquo;ISS le 1er ao\u00fbt. Les quatres membres devaient initialement revenir sur Terre en f\u00e9vrier. Cette d\u00e9cision pourrait avancer la date de d\u00e9part de la mission Crew-12, avec \u00e0 son bord <a href=\"https:\/\/www.ledauphine.com\/science-et-technologie\/2025\/11\/25\/ma-serenite-sera-challengee-comment-l-astronaute-sophie-adenot-se-prepare-a-vivre-dans-l-iss\" target=\"_blank\" rel=\"noopener\">l<\/a>a Fran\u00e7aise Sophie Adenot, pr\u00e9vue le 15 f\u00e9vrier.<\/p>\n<p>Crew-11 se compose\u00a0du pilote Michael Fincke (58 ans), de la commandante Zena Cardman (38 ans), et des sp\u00e9cialistes de mission Kimiya Yui (55 ans) et Oleg Platonov (39 ans). Les deux premiers sont des astronautes am\u00e9ricains de la Nasa,\u00a0Kimiya Yui est de l&rsquo;agence japonaise Jaxa, et Oleg Platonov est un cosmonaute de l&rsquo;agence russe Roscosmos. Durant leur mission de six mois, ils devaient notamment simuler des sc\u00e9narios d&rsquo;alunissage dans le cadre du programme Artemis men\u00e9 par les \u00c9tats-Unis pour retourner sur la Lune.<\/p>\n<p>  Qui est malade\u00a0?<\/p>\n<p>On ne sait pas <a href=\"https:\/\/www.ledauphine.com\/science-et-technologie\/2025\/08\/02\/la-capsule-crew-dragon-de-spacex-s-est-amarree-avec-succes-a-l-iss-pour-une-mission-de-six-mois\" target=\"_blank\" rel=\"noopener\">qui est la personne concern\u00e9e<\/a>, la Nasa pr\u00e9f\u00e9rant garder le secret m\u00e9dical.\u00a0Un \u00ab\u00a0risque persistant\u00a0\u00bb et \u00ab\u00a0l&rsquo;incertitude quant au diagnostic\u00a0\u00bb ont motiv\u00e9 la d\u00e9cision de ramener l&rsquo;\u00e9quipage plus t\u00f4t, a expliqu\u00e9 le m\u00e9decin-chef de la Nasa, James Polk, tout en soulignant qu&rsquo;il ne s&rsquo;agissait pas d&rsquo;une \u00e9vacuation d&rsquo;urgence. La personne est \u00ab\u00a0dans un \u00e9tat stable\u00a0\u00bb. Outre le secret m\u00e9dical, la Nasa n&rsquo;a pas l&rsquo;habitude de divulguer les noms des astronautes dans les rapports et les \u00e9tudes m\u00e9dicales, m\u00eame post-atterrissage.<\/p>\n<p>Comment a r\u00e9agi la Nasa\u00a0?<\/p>\n<p>La Nasa a d&rsquo;abord annonc\u00e9 l&rsquo;annulation \u00ab\u00a0pour raison m\u00e9dicale\u00a0\u00bb d&rsquo;une sortie\u00a0dans l&rsquo;espace pr\u00e9vue jeudi des astronautes am\u00e9ricains Mike Fincke et Zena Cardman. Ils devaient effectuer cette sortie de pr\u00e8s de 6 heures et demie pour des travaux sur la station. Puis la d\u00e9cision a \u00e9t\u00e9 prise de ramener l&rsquo;\u00e9quipe sur Terre.<\/p>\n<p>N&rsquo;y a-t-il pas de quoi soigner quelqu&rsquo;un sur l&rsquo;ISS\u00a0?<\/p>\n<p>\u00ab\u00a0Nous avons une cellule m\u00e9dicale importante \u00e0 bord de l&rsquo;ISS, mais il n&rsquo;y a pas le mat\u00e9riel n\u00e9cessaire pour effectuer un bilan de sant\u00e9 complet \u00bb, a d\u00e9velopp\u00e9 le m\u00e9decin-chef de la Nasa, James Polk. \u00ab\u00a0Dans ce cas pr\u00e9cis, nous devons le faire. Et cela ne peut \u00eatre r\u00e9alis\u00e9 que sur Terre.\u00a0\u00bb Ainsi,\u00a0la station dispose de d\u00e9fibrillateurs, d\u2019un mat\u00e9riel complet de r\u00e9animation, d\u2019une pharmacie bien garnie, d\u2019un poste d\u2019\u00e9chographie, d\u2019appareils miniaturis\u00e9s permettant de r\u00e9aliser des scanners, des analyses de sang ou d\u2019urine. En outre, les membres de l&rsquo;ISS sont en lien avec une \u00e9quipe m\u00e9dicale de la Nasa.<\/p>\n<p>Pourquoi faut-il \u00e9vacuer tout l&rsquo;\u00e9quipage de Crew-11\u00a0?<\/p>\n<p>Actuellement, deux vaisseaux sont amarr\u00e9s \u00e0 la station : le Crew Dragon (4 places) utilis\u00e9 par Crew-11 et le Soyouz (3 places). Si une partie de Crew-11 seulement devait repartir, les autres membres resteraient bloqu\u00e9s \u00e0 bord. Et cela peut durer longtemps, comme \u00e7a a \u00e9t\u00e9 le cas pour les Am\u00e9ricains\u00a0Suni Williams et Butch Wilmore, <a href=\"https:\/\/www.ledauphine.com\/science-et-technologie\/2025\/03\/18\/coinces-dans-l-iss-pendant-9-mois-les-deux-astronautes-americains-de-retour-sur-terre\" target=\"_blank\" rel=\"noopener\">partis pour huit jours mais bloqu\u00e9s neuf mois<\/a> car leur vaisseau Starliner (Boeing) avait montr\u00e9 des d\u00e9faillances techniques.<\/p>\n<p>  Quand vont-ils revenir sur Terre\u00a0?<\/p>\n<p>On ne sait pas encore, mais cela devrait se faire \u00ab\u00a0dans les prochains jours\u00a0\u00bb, affirme la Nasa. Pourquoi un tel d\u00e9lai ? Parce qu&rsquo;on ne revient pas sur Terre aussi facilement. En effet, il faut calculer une trajectoire de retour en prenant en compte notamment la m\u00e9t\u00e9o et la rotation de la plan\u00e8re. D&rsquo;autant qu&rsquo;il faudrait, id\u00e9alement, que les \u00e9quipes m\u00e9dicales prennent en charge les astronautes en moins d&rsquo;une heure apr\u00e8s leur atterrissage. Donc le vaisseau ne peut pas arriver n&rsquo;importe o\u00f9. En outre, selon le probl\u00e8me m\u00e9dical, le retour peut s&rsquo;av\u00e9rer encore plus compliqu\u00e9. Par exemple, les astronautes subissent des forces \u00e0 plus de 5G (ils ressentent cinq fois leur poids), donc certaines pathologies (comme un traumatisme interne) seraient fatales.<\/p>\n<p>Est-ce que toute l&rsquo;ISS est \u00e9vacu\u00e9e\u00a0?<\/p>\n<p>Non.\u00a0Un astronaute am\u00e9ricain et deux cosmonautes russes vont rester \u00e0 bord de la station.\u00a0Ils sont arriv\u00e9s en novembre \u00e0 l\u2019aide d\u2019une capsule Soyouz : l\u2019Am\u00e9ricain Christopher Williams (42 ans), et les Russes Sergue\u00ef Koud-Svertchkov (42 ans) et Sergue\u00ef Mika\u00efev (39 ans). D&rsquo;ailleurs la Nasa a soulign\u00e9 que\u00a0l&rsquo;\u00e9vacuation serait men\u00e9e de fa\u00e7on \u00e0 \u00ab minimiser l&rsquo;impact op\u00e9rationnel sur les travaux en cours \u00e0 bord de l&rsquo;ISS \u00bb.\u00a0<\/p>\n<p>        &#13;<br \/>\n          <a href=\"https:\/\/cdn-s-www.ledauphine.com\/images\/dae4cdf7-7325-4b1b-9cb3-8dddc0bd9eb2\/NW_raw\/vue-d-artiste-de-l-iss-image-nasa-1767953372.jpg\" title=\"Vue d&#039;artiste de l&#039;ISS. Image NASA\" class=\"chocolat-image GA-tracking\" data-ga_type=\"click\" data-ga_category=\"D\u00e9tail\" data-ga_action=\"zoomer\" data-ga_label=\"agrandir image\" target=\"_blank\" rel=\"noopener\">&#13;<br \/>\n            <img loading=\"lazy\" decoding=\"async\" src=\"https:\/\/www.europesays.com\/fr\/wp-content\/uploads\/2026\/01\/vue-d-artiste-de-l-iss-image-nasa-1767953372.jpg\" alt=\"Vue d'artiste de l'ISS. Image NASA\"\/>&#13;<br \/>\n          <\/a>&#13;<br \/>\n          &#13;<\/p>\n<p class=\"insetTitle\">L&rsquo;ISS, un mod\u00e8le de coop\u00e9ration internationale fragile<\/p>\n<p>Mod\u00e8le de coop\u00e9ration internationale r\u00e9unissant l&rsquo;Europe (ESA), le Japon (Jaxa), les \u00c9tats-Unis (Nasa), la Russie (Roscosmos), et le Canada (ASC), l&rsquo;ISS (International Space Station) a commenc\u00e9 \u00e0 \u00eatre assembl\u00e9e en 1998. Sa mise \u00e0 la retraite \u00e9tait pr\u00e9vue en 2024, mais la Nasa a estim\u00e9 qu&rsquo;elle pouvait fonctionner jusqu&rsquo;en 2030. Depuis la guerre en Ukraine, l&rsquo;exploitation de l&rsquo;ISS est l&rsquo;un des derniers domaines de coop\u00e9ration entre la Russie et les \u00c9tats-Unis.<\/p>\n<p>L&rsquo;ISS est le plus grand objet jamais construit dans l&rsquo;espace\u00a0: 74 m\u00e8tres de longueur et 109 m\u00e8tres d&rsquo;envergure pour une masse d&rsquo;environ 420 tonnes. Elle est en orbite \u00e0 une altitude entre 330 et 420 kilom\u00e8tres.<\/p>\n<p>  Va-t-il y avoir un impact sur les prochaines missions, notamment celle de Sophie Adenot ?<\/p>\n<p>Les responsables de la Nasa ont indiqu\u00e9 qu&rsquo;il \u00e9tait possible que la prochaine mission am\u00e9ricaine vers l&rsquo;ISS parte plus t\u00f4t que pr\u00e9vu, sans donner plus de pr\u00e9cisions.\u00a0Crew-12 doit normalement d\u00e9coller le 15 f\u00e9vrier, avec \u00e0 son bord\u00a0la spationaute fran\u00e7aise Sophie Adenot, les astronautes am\u00e9ricaines Jessica Meir et Jack Hathaway, et le cosmonaute russe\u00a0Andrey Fedyaev. La Nasa et l&rsquo;agence spatiale russe Roscosmos, qui op\u00e8rent ensemble au sein de l&rsquo;ISS, ont mis en place un programme d&rsquo;\u00e9change d&rsquo;astronautes, acheminant chacun \u00e0 tour de r\u00f4le un membre d&rsquo;\u00e9quipage de l&rsquo;autre pays.<\/p>\n<p>Est-ce la premi\u00e8re fois qu&rsquo;une \u00e9vacuation a lieu\u00a0?<\/p>\n<p>Si la Nasa n\u2019a jamais pratiqu\u00e9 d\u2019\u00e9vacuation sanitaire en orbite, ce n\u2019est pas le cas des Russes. Dans les ann\u00e9es 1980, deux cosmonautes sovi\u00e9tiques avaient d\u00fb \u00e9courter pour raisons m\u00e9dicales leur s\u00e9jour \u00e0 bord des stations Salyut-7 et Mir.<\/p>\n<p>Est-ce rare que des astronautes soient malades\u00a0?<\/p>\n<p>Non. Mais les stations spatiales (ISS et MIR auparavant) sont des espaces de recherches scientifiques. Les maladies \u00e0 bord sont d\u00e8s lors trait\u00e9es comme un objet d&rsquo;\u00e9tudes, et les noms des personnes concern\u00e9es ne sont pas mentionn\u00e9s. Et il faut parfois des ann\u00e9es pour que le grand public d\u00e9couvre certains probl\u00e8mes, comme le Syndrome d&rsquo;adaptation \u00e0 l&rsquo;espace, connu par tous les astronautes\u00a0: durant les premi\u00e8res heures \u00e0 bord d&rsquo;une station spatiale, ils ressentent des naus\u00e9es, des vertiges et m\u00eame vomissent.<\/p>\n<p>Un astronaute a eu une thrombose d&rsquo;une veine jugulaire, a-t-on appris des ann\u00e9es plus tard lors de la publication d&rsquo;une \u00e9tude. Mais son identit\u00e9 n&rsquo;a jamais \u00e9t\u00e9 r\u00e9v\u00e9l\u00e9e. On sait aussi qu&rsquo;un membre de Crew-8 a connu \u00ab\u00a0un probl\u00e8me de sant\u00e9\u00a0\u00bb apr\u00e8s son retour sur Terre en octobre 2024, n\u00e9cessitant un transport en h\u00e9licopt\u00e8re pour rejoindre un h\u00f4pital de Floride. Mais l\u00e0 encore, ni le nom ni le probl\u00e8me n&rsquo;ont \u00e9t\u00e9 divulgu\u00e9s. Sans oublier les effets sur le m\u00e9tabolisme de leur s\u00e9jour dans l&rsquo;espace, comme leur taille (elle s&rsquo;allonge de quelques centim\u00e8tres), des os fragilis\u00e9s, une masse musculaire diminu\u00e9e, une carotid\u00e9 plus grosse&#8230;<\/p>\n","protected":false},"excerpt":{"rendered":"Une situation in\u00e9dite et une premi\u00e8re \u00e0 bord de l&rsquo;ISS. La Nasa a annonc\u00e9 qu&rsquo;elle allait \u00e9vacuer Crew-11&hellip;\n","protected":false},"author":2,"featured_media":652120,"comment_status":"","ping_status":"","sticky":false,"template":"","format":"standard","meta":{"footnotes":""},"categories":[7],"tags":[107,1011,27,329,43,40,767,41,39,42,44],"class_list":{"0":"post-652119","1":"post","2":"type-post","3":"status-publish","4":"format-standard","5":"has-post-thumbnail","7":"category-sciences-et-technologies","8":"tag-fil-info","9":"tag-fr","10":"tag-france","11":"tag-france-monde","12":"tag-science","13":"tag-science-and-technology","14":"tag-science-et-technologie","15":"tag-sciences","16":"tag-sciences-et-technologies","17":"tag-technologies","18":"tag-technology"},"share_on_mastodon":{"url":"https:\/\/pubeurope.com\/@fr\/115866265450627244","error":""},"_links":{"self":[{"href":"https:\/\/www.europesays.com\/fr\/wp-json\/wp\/v2\/posts\/652119","targetHints":{"allow":["GET"]}}],"collection":[{"href":"https:\/\/www.europesays.com\/fr\/wp-json\/wp\/v2\/posts"}],"about":[{"href":"https:\/\/www.europesays.com\/fr\/wp-json\/wp\/v2\/types\/post"}],"author":[{"embeddable":true,"href":"https:\/\/www.europesays.com\/fr\/wp-json\/wp\/v2\/users\/2"}],"replies":[{"embeddable":true,"href":"https:\/\/www.europesays.com\/fr\/wp-json\/wp\/v2\/comments?post=652119"}],"version-history":[{"count":0,"href":"https:\/\/www.europesays.com\/fr\/wp-json\/wp\/v2\/posts\/652119\/revisions"}],"wp:featuredmedia":[{"embeddable":true,"href":"https:\/\/www.europesays.com\/fr\/wp-json\/wp\/v2\/media\/652120"}],"wp:attachment":[{"href":"https:\/\/www.europesays.com\/fr\/wp-json\/wp\/v2\/media?parent=652119"}],"wp:term":[{"taxonomy":"category","embeddable":true,"href":"https:\/\/www.europesays.com\/fr\/wp-json\/wp\/v2\/categories?post=652119"},{"taxonomy":"post_tag","embeddable":true,"href":"https:\/\/www.europesays.com\/fr\/wp-json\/wp\/v2\/tags?post=652119"}],"curies":[{"name":"wp","href":"https:\/\/api.w.org\/{rel}","templated":true}]}}