{"id":652131,"date":"2026-01-09T17:19:15","date_gmt":"2026-01-09T17:19:15","guid":{"rendered":"https:\/\/www.europesays.com\/fr\/652131\/"},"modified":"2026-01-09T17:19:15","modified_gmt":"2026-01-09T17:19:15","slug":"saint-etienne-les-agriculteurs-manifestent-devant-prefecture-des-15-heures","status":"publish","type":"post","link":"https:\/\/www.europesays.com\/fr\/652131\/","title":{"rendered":"Saint-Etienne. Les agriculteurs manifestent devant pr\u00e9fecture d\u00e8s 15 heures"},"content":{"rendered":"<p><img loading=\"lazy\" decoding=\"async\" alt=\"\u00a9 Floriane Tanneur - Le 18 d\u00e9cembre \u00e0 Lyon, de nombreux agriculteurs lig\u00e9riens ont contribu\u00e9 au blocage de la ville.\" data-zoom-src=\"https:\/\/www.europesays.com\/fr\/wp-content\/uploads\/2026\/01\/initial-credit-floriane-tanneur-14.jpg\" data-zoomable=\"\" height=\"702\" src=\"https:\/\/www.europesays.com\/fr\/wp-content\/uploads\/2026\/01\/initial-credit-floriane-tanneur-14.jpg\" width=\"1248\"\/>  <\/p>\n<p class=\"article-desc\">\u00a9 Floriane Tanneur &#8211; Le 18 d\u00e9cembre \u00e0 Lyon, de nombreux agriculteurs lig\u00e9riens ont contribu\u00e9 au blocage de la ville. <\/p>\n<p>Une centaine de paysans affili\u00e9s \u00e0 la <strong>Conf\u00e9d\u00e9ration paysanne<\/strong> et de militants des Soul\u00e8vements de la terre, appuy\u00e9e par des militant\u00b7es de la CGT Paris, de Solidaires, de Cancer Col\u00e8re et du collectif \u00ab\u00a0Agro en lutte\u00a0\u00bb d\u2019\u00e9tudiants d\u2019AgroParisTech, ont envahi <strong>le p\u00e9riph\u00e9rique parisien<\/strong> ce vendredi 9 janvier au matin. Les tracteurs ont men\u00e9 une <strong>op\u00e9ration escargot <\/strong>et bloqu\u00e9 la circulation. <\/p>\n<p>Deux porte-parole nationaux arr\u00eat\u00e9s, les Lig\u00e9riens r\u00e9agissent et manifestent ce vendredi devant la Pr\u00e9fecture <\/p>\n<p>Deux porte-parole nationaux de la Conf\u00e9d\u00e9ration paysanne, non originaires de la Loire, ont \u00e9t\u00e9 arr\u00eat\u00e9s par les forces de l&rsquo;ordre. C&rsquo;est pourquoi<strong> l&rsquo;antenne de la Loire de l&rsquo;association<\/strong> appelle \u00e0 manifester devant la pr\u00e9fecture de la Loire, \u00e0 <strong>Saint-Etienne<\/strong>, d\u00e8s 15 heures ce vendredi, potentiellement avec des <strong>tracteurs<\/strong>.<\/p>\n<blockquote>\n<p>\u00ab\u00a0Les d\u00e9partements manifestent leur d\u00e9sacord li\u00e9 \u00e0 l&rsquo;arrestation arbitraire et violente de deux porte-parole nationaux, alors que les images d\u00e9mentent bien qu&rsquo;ils ne faisaient rien de violent ou de mal. Nous appelons au soutien de la libert\u00e9 syndicale et leur lib\u00e9ration imm\u00e9diate. Nous avons demand\u00e9 \u00e0 \u00eatre re\u00e7u par la pr\u00e9f\u00e8te dans l&rsquo;apr\u00e8s-midi\u00a0\u00bb, indique <strong>Nicolas Clair<\/strong>, porte-parole de la Conf\u00e9d\u00e9ration paysanne de la Loire, pr\u00e9cisant que cette manifestation avait \u00e9t\u00e9 d\u00e9cid\u00e9e \u00ab\u00a0il y a une heure\u00a0\u00bb. <\/p>\n<\/blockquote>\n<p>\u00ab\u00a0Nous r\u00e9clamons la fin de la politique d&rsquo;abattage total et du libre-\u00e9change d\u00e9brid\u00e9 dont elle constitue l&rsquo;arme. Nous voulons balayer un protocole sanitaire mortif\u00e8re et autoritaire aussi bien que le rouleau compresseur lib\u00e9ral qui le commande\u00a0\u00bb, indique la Conf\u00e9d\u00e9ration paysanne dans un communiqu\u00e9, qui revendique contre la politique sanitaire inique du gouvernement sur la crise de la Dermatose nodulaire et pour le rejet de l\u2019accord de libre-\u00e9change entre l&rsquo;Union europ\u00e9enne et le Mercosur. <\/p>\n<p>\u00a0<\/p>\n","protected":false},"excerpt":{"rendered":"\u00a9 Floriane Tanneur &#8211; Le 18 d\u00e9cembre \u00e0 Lyon, de nombreux agriculteurs lig\u00e9riens ont contribu\u00e9 au blocage de&hellip;\n","protected":false},"author":2,"featured_media":652132,"comment_status":"","ping_status":"","sticky":false,"template":"","format":"standard","meta":{"footnotes":""},"categories":[9653],"tags":[1111,11,25368,2430,1777,674,1011,27,12,25,4001],"class_list":{"0":"post-652131","1":"post","2":"type-post","3":"status-publish","4":"format-standard","5":"has-post-thumbnail","7":"category-saint-etienne","8":"tag-actu","9":"tag-actualites","10":"tag-agriculteurs-en-colu00e8re","11":"tag-auvergne-rhone-alpes","12":"tag-eu","13":"tag-europe","14":"tag-fr","15":"tag-france","16":"tag-news","17":"tag-republique-francaise","18":"tag-saint-etienne"},"share_on_mastodon":{"url":"https:\/\/pubeurope.com\/@fr\/115866289037612771","error":""},"_links":{"self":[{"href":"https:\/\/www.europesays.com\/fr\/wp-json\/wp\/v2\/posts\/652131","targetHints":{"allow":["GET"]}}],"collection":[{"href":"https:\/\/www.europesays.com\/fr\/wp-json\/wp\/v2\/posts"}],"about":[{"href":"https:\/\/www.europesays.com\/fr\/wp-json\/wp\/v2\/types\/post"}],"author":[{"embeddable":true,"href":"https:\/\/www.europesays.com\/fr\/wp-json\/wp\/v2\/users\/2"}],"replies":[{"embeddable":true,"href":"https:\/\/www.europesays.com\/fr\/wp-json\/wp\/v2\/comments?post=652131"}],"version-history":[{"count":0,"href":"https:\/\/www.europesays.com\/fr\/wp-json\/wp\/v2\/posts\/652131\/revisions"}],"wp:featuredmedia":[{"embeddable":true,"href":"https:\/\/www.europesays.com\/fr\/wp-json\/wp\/v2\/media\/652132"}],"wp:attachment":[{"href":"https:\/\/www.europesays.com\/fr\/wp-json\/wp\/v2\/media?parent=652131"}],"wp:term":[{"taxonomy":"category","embeddable":true,"href":"https:\/\/www.europesays.com\/fr\/wp-json\/wp\/v2\/categories?post=652131"},{"taxonomy":"post_tag","embeddable":true,"href":"https:\/\/www.europesays.com\/fr\/wp-json\/wp\/v2\/tags?post=652131"}],"curies":[{"name":"wp","href":"https:\/\/api.w.org\/{rel}","templated":true}]}}