{"id":652144,"date":"2026-01-09T17:29:14","date_gmt":"2026-01-09T17:29:14","guid":{"rendered":"https:\/\/www.europesays.com\/fr\/652144\/"},"modified":"2026-01-09T17:29:14","modified_gmt":"2026-01-09T17:29:14","slug":"il-faut-juste-arreter-de-nous-faire-ch","status":"publish","type":"post","link":"https:\/\/www.europesays.com\/fr\/652144\/","title":{"rendered":"\u00ab Il faut juste arr\u00eater de nous faire ch\u2026 \u00bb"},"content":{"rendered":"<blockquote class=\"question\"><p>Vous faites partie des m\u00e9decins qui vont partir en Belgique pour ne pas \u00eatre r\u00e9quisitionn\u00e9\u00a0?<\/p><\/blockquote>\n<p>\u00ab\u00a0Oui et, en tant que pr\u00e9sident du syndicat national des chirurgiens urologues, j\u2019emm\u00e8ne des urologues. Nous manifesterons samedi \u00e0 Paris et serons en Belgique dimanche car les ARS et les pr\u00e9fectures nous ont <a href=\"https:\/\/www.ledauphine.com\/magazine-sante\/2026\/01\/08\/jusqu-a-215-passages-quotidiens-aux-urgences-le-systeme-de-sante-en-tension-le-chu-declenche-le-plan-blanc\" target=\"_blank\" rel=\"noopener\">r\u00e9quisitionn\u00e9s<\/a>. C\u2019\u00e9tait aussi pour marquer le coup, symboliquement, en disant aux Fran\u00e7ais\u00a0: si la logique gouvernementale continue, c\u2019est 2\u00a0000\u00a0\u00e0 3\u00a0000 chirurgiens anesth\u00e9sistes qui dispara\u00eetront.\u00a0\u00bb<\/p>\n<blockquote class=\"question\"><p>Vous ne craignez pas que l\u2019opinion publique se dise que vous rajoutez l\u00e0 une brique sur un syst\u00e8me d\u00e9j\u00e0 embolis\u00e9\u00a0?<\/p><\/blockquote>\n<p>\u00ab\u00a0\u00c9coutez, les pouvoirs politiques sont pr\u00e9venus depuis le mois d\u2019ao\u00fbt, c\u2019est donc qu\u2019ils ont d\u00e9cid\u00e9 de ne rien faire. Aujourd\u2019hui la chirurgie lib\u00e9rale, c\u2019est 60\u00a0% de la chirurgie et plus de 50\u00a0% de nos actes sont aux tarifs opposables (sans d\u00e9passement d\u2019honoraires, ils concernent certaines cat\u00e9gories de la population, ndlr). Mais si demain vous fermez sur le territoire grenoblois la clinique des C\u00e8dres, Belledonne et la chirurgie lib\u00e9rale du GHM, le CHU ne pourra pas absorber toute la demande de soins. Donc il faut juste arr\u00eater de nous faire chier, ce n\u2019est pas plus compliqu\u00e9 que \u00e7a.\u00a0\u00bb<\/p>\n<blockquote class=\"question\"><p>Vous allez vous arr\u00eater de lundi \u00e0 mercredi, \u00e7a engendre quoi pour les patients\u00a0?<\/p><\/blockquote>\n<p>\u00ab\u00a0Pour des chirurgiens qui arr\u00eatent trois jours, \u00e7a fait plus d\u2019une centaine de patients et une quinzaine d\u2019interventions chirurgicales qu\u2019il faut d\u00e9caler dans un syst\u00e8me qui est d\u00e9j\u00e0 satur\u00e9. Ce qu\u2019on veut aussi dire au peuple fran\u00e7ais, c\u2019est qu\u2019on veut des moyens. On veut des infirmi\u00e8res, de nuit, \u00e0 l\u2019op\u00e9ratoire, des lits nouveaux. Je rappelle que la population de plus de 75 ans est pass\u00e9e de 6\u00a0millions en 2000 \u00e0 plus de 12\u00a0millions en 2025, et il n\u2019y a pas plus de lits. Donc, soit on attend tout doucement que \u00e7a continue \u00e0 se d\u00e9grader comme \u00e7a se passe depuis 20 ans, soit \u00e0 un moment donn\u00e9, en particulier \u00e0 la lecture de textes qui nous agressent et qui nous insultent, on d\u00e9cide de r\u00e9agir en disant\u00a0: \u00e7a suffit\u00a0!\u00a0\u00bb<\/p>\n","protected":false},"excerpt":{"rendered":"Vous faites partie des m\u00e9decins qui vont partir en Belgique pour ne pas \u00eatre r\u00e9quisitionn\u00e9\u00a0? \u00ab\u00a0Oui et, en&hellip;\n","protected":false},"author":2,"featured_media":652145,"comment_status":"","ping_status":"","sticky":false,"template":"","format":"standard","meta":{"footnotes":""},"categories":[9566],"tags":[1111,11,2430,9671,112,341,1777,674,1011,27,2731,108,1985,12,25,71,801],"class_list":{"0":"post-652144","1":"post","2":"type-post","3":"status-publish","4":"format-standard","5":"has-post-thumbnail","7":"category-grenoble","8":"tag-actu","9":"tag-actualites","10":"tag-auvergne-rhone-alpes","11":"tag-conflit-social","12":"tag-edition-grenoble-agglomeration","13":"tag-emploi","14":"tag-eu","15":"tag-europe","16":"tag-fr","17":"tag-france","18":"tag-grenoble","19":"tag-isere","20":"tag-metropole-de-grenoble","21":"tag-news","22":"tag-republique-francaise","23":"tag-sante","24":"tag-social"},"share_on_mastodon":{"url":"https:\/\/pubeurope.com\/@fr\/115866328356757056","error":""},"_links":{"self":[{"href":"https:\/\/www.europesays.com\/fr\/wp-json\/wp\/v2\/posts\/652144","targetHints":{"allow":["GET"]}}],"collection":[{"href":"https:\/\/www.europesays.com\/fr\/wp-json\/wp\/v2\/posts"}],"about":[{"href":"https:\/\/www.europesays.com\/fr\/wp-json\/wp\/v2\/types\/post"}],"author":[{"embeddable":true,"href":"https:\/\/www.europesays.com\/fr\/wp-json\/wp\/v2\/users\/2"}],"replies":[{"embeddable":true,"href":"https:\/\/www.europesays.com\/fr\/wp-json\/wp\/v2\/comments?post=652144"}],"version-history":[{"count":0,"href":"https:\/\/www.europesays.com\/fr\/wp-json\/wp\/v2\/posts\/652144\/revisions"}],"wp:featuredmedia":[{"embeddable":true,"href":"https:\/\/www.europesays.com\/fr\/wp-json\/wp\/v2\/media\/652145"}],"wp:attachment":[{"href":"https:\/\/www.europesays.com\/fr\/wp-json\/wp\/v2\/media?parent=652144"}],"wp:term":[{"taxonomy":"category","embeddable":true,"href":"https:\/\/www.europesays.com\/fr\/wp-json\/wp\/v2\/categories?post=652144"},{"taxonomy":"post_tag","embeddable":true,"href":"https:\/\/www.europesays.com\/fr\/wp-json\/wp\/v2\/tags?post=652144"}],"curies":[{"name":"wp","href":"https:\/\/api.w.org\/{rel}","templated":true}]}}