{"id":652164,"date":"2026-01-09T17:39:09","date_gmt":"2026-01-09T17:39:09","guid":{"rendered":"https:\/\/www.europesays.com\/fr\/652164\/"},"modified":"2026-01-09T17:39:09","modified_gmt":"2026-01-09T17:39:09","slug":"avec-des-plats-de-pates-imagines-par-un-chef-etoile-ils-servent-une-street-food-de-palace-a-bordeaux","status":"publish","type":"post","link":"https:\/\/www.europesays.com\/fr\/652164\/","title":{"rendered":"Avec des plats de p\u00e2tes imagin\u00e9s par un chef \u00e9toil\u00e9, ils servent une \u00ab\u00a0street-food de palace\u00a0\u00bb \u00e0 Bordeaux"},"content":{"rendered":"<p>                    Par<br \/>\n        <strong><br \/>\n            <a href=\"https:\/\/actu.fr\/auteur\/julian-doubax\" title=\"Consulter tous les articles de Julian Doubax\" target=\"_blank\" rel=\"noopener\">Julian Doubax<\/a><br \/>\n                    <\/strong><\/p>\n<p>        Publi\u00e9 le<\/p>\n<p>            9 janv. 2026 \u00e0 17h18        <\/p>\n<p>Le 6\u00a0novembre 2025, Boris Allain et Laurent Piffard ont lanc\u00e9 le restaurant <a href=\"https:\/\/www.instagram.com\/paaates\/?hl=fr\" target=\"_blank\" rel=\"noopener\">Paaates<\/a> \u00e0 <a href=\"https:\/\/actu.fr\/nouvelle-aquitaine\/bordeaux_33063\/une-celebre-enseigne-de-bars-s-apprete-a-remplacer-le-magasin-cuisine-plus-a-bordeaux-lac_63428271.html\" target=\"_blank\" rel=\"noopener\">Bordeaux-Lac<\/a>. L\u2019enseigne a pris place au sein de l\u2019escale gourmande du centre commercial. Les deux g\u00e9rants, qui sont \u00e9galement \u00e0 la t\u00eate d\u2019un vaste r\u00e9seau de salons de coiffure, ambitionnent de servir de la \u00ab<strong>\u2009street-food de palace<\/strong>\u2009\u00bb. Pour y parvenir, ils se sont associ\u00e9s avec Simone Zanoni, <strong>chef \u00e9toil\u00e9<\/strong> bien connu \u00e0 Paris.<\/p>\n<p>Une rencontre (presque) anodine<\/p>\n<p class=\" wall-content\">Depuis une dizaine d\u2019ann\u00e9es, Boris Allain et Laurent Piffard ont construit leur petit empire de franchis\u00e9s avec Addict <a href=\"https:\/\/actu.fr\/nouvelle-aquitaine\/bordeaux_33063\/populaire-sur-les-reseaux-ce-salon-de-coiffure-pour-decomplexer-des-boucles-debarque-a-bordeaux_61992205.html\" target=\"_blank\" rel=\"noopener\">coiffure<\/a>. D\u00e9sormais, ils ont chang\u00e9 d\u2019univers en mettant un pied dans la restauration. Une volont\u00e9 qui ne date pas d\u2019hier.<\/p>\n<p class=\" wall-content\">\u00ab\u2009On voulait cr\u00e9er un concept de street-food pour concurrencer les<strong> autres r\u00e9ussites bordelaises<\/strong> comme les enseignes Pitaya ou Eat Salad qui sont parvenues \u00e0 se d\u00e9velopper au niveau national\u2009\u00bb, confie Boris Allain.<\/p>\n<p class=\" wall-content\">Dans cette nouvelle aventure, le duo s\u2019est rapproch\u00e9 de Simone Zanoni,<strong> chef \u00e9toil\u00e9<\/strong> au sein de l\u2019h\u00f4tel George V \u00e0 Paris et \u00e0 La Mamounia \u00e0 Marrakech. \u00ab\u2009On s\u2019est rencontr\u00e9 sur un congr\u00e8s de coiffure. Au culot, je lui ai envoy\u00e9 un message sur les r\u00e9seaux sociaux pour lui faire part du projet. 48\u00a0heures plus tard, il nous a confi\u00e9 son ambition de lancer le <a href=\"https:\/\/actu.fr\/occitanie\/toulouse_31555\/toulouse-starbucks-en-difficulte-une-dizaine-d-etablissements-en-redressement-judiciaire_63666311.html\" target=\"_blank\" rel=\"noopener\">Starbucks<\/a> de la p\u00e2te.\u2009\u00bb La machine \u00e9tait alors lanc\u00e9e.<\/p>\n<p>Des p\u00e2tes vendues de 9,90 \u00e0 13,90\u00a0euros<\/p>\n<p class=\" wall-content\">Sur la carte, douze recettes chaudes et quatre froides sont \u00e0 retrouver. Un m\u00e9lange entre classique incontournable avec les p\u00e2tes bolognaises et cr\u00e9ations plus originales avec un plat \u00e0 l\u2019agneau confit. Les prix oscillent entre <strong>9,90 et 13,90\u00a0euros <\/strong>pour un plat unique<strong>. <\/strong>Pour une formule compl\u00e8te (boisson et dessert), vous devez ajouter cinq euros.<\/p>\n<p class=\" wall-content\">\u00ab\u2009Pour rester dans la notion de street-food, il fallait conserver ses <strong>codes financiers<\/strong>. Le but \u00e9tait aussi de proposer la cuisine d\u2019un chef \u00e9toil\u00e9 \u00e0 des prix accessibles\u2009\u00bb, rapporte Boris Allain qui se r\u00e9jouit des d\u00e9buts de l\u2019enseigne apr\u00e8s deux mois d\u2019ouverture.<\/p>\n<p>Votre r\u00e9gion, votre actu !<\/p>\n<p>Recevez chaque jour les infos qui comptent pour vous.<\/p>\n<p>\t<a href=\"https:\/\/actu.fr\/newsletter\" class=\"ac-btn ac-btn--corner ac-btn--medium ac-btn--blue800\" target=\"_blank\" rel=\"noopener\">S&rsquo;incrire<\/a><\/p>\n<p class=\" wall-content\">\u00ab\u2009On est tr\u00e8s content de notre d\u00e9but. On a r\u00e9ussi \u00e0 faire de belles journ\u00e9es, notamment le midi.\u2009\u00bb \u00c0 terme, le duo esp\u00e8re conna\u00eetre le <strong>m\u00eame succ\u00e8s<\/strong> qu\u2019avec leur r\u00e9seau de salons de coiffure en ouvrant plusieurs franchises Paaates \u00e0 travers la m\u00e9tropole bordelaise.<\/p>\n<p class=\" wall-content\">Personnalisez votre actualit\u00e9 en ajoutant vos villes et m\u00e9dias en favori avec <a href=\"https:\/\/moncompte.actu.fr\" title=\"D\u00e9couvez Mon Actu\" rel=\"nofollow noopener\" data-trk=\"{&quot;cta&quot;:{&quot;action&quot;:&quot;https:\\\/\\\/moncompte.actu.fr&quot;,&quot;category&quot;:&quot;mon compte&quot;,&quot;from&quot;:&quot;article footer&quot;,&quot;name&quot;:&quot;Mon actu&quot;,&quot;type&quot;:&quot;cta&quot;}}\" target=\"_blank\">Mon Actu<\/a>.<\/p>\n<p>                    <script async src=\"\/\/www.instagram.com\/embed.js\"><\/script><\/p>\n","protected":false},"excerpt":{"rendered":"Par Julian Doubax Publi\u00e9 le 9 janv. 2026 \u00e0 17h18 Le 6\u00a0novembre 2025, Boris Allain et Laurent Piffard&hellip;\n","protected":false},"author":2,"featured_media":652165,"comment_status":"","ping_status":"","sticky":false,"template":"","format":"standard","meta":{"footnotes":""},"categories":[2817],"tags":[1111,11,1997,1777,674,1011,27,12,2219,25,104],"class_list":{"0":"post-652164","1":"post","2":"type-post","3":"status-publish","4":"format-standard","5":"has-post-thumbnail","7":"category-bordeaux","8":"tag-actu","9":"tag-actualites","10":"tag-bordeaux","11":"tag-eu","12":"tag-europe","13":"tag-fr","14":"tag-france","15":"tag-news","16":"tag-nouvelle-aquitaine","17":"tag-republique-francaise","18":"tag-societe"},"share_on_mastodon":{"url":"https:\/\/pubeurope.com\/@fr\/115866367750151500","error":""},"_links":{"self":[{"href":"https:\/\/www.europesays.com\/fr\/wp-json\/wp\/v2\/posts\/652164","targetHints":{"allow":["GET"]}}],"collection":[{"href":"https:\/\/www.europesays.com\/fr\/wp-json\/wp\/v2\/posts"}],"about":[{"href":"https:\/\/www.europesays.com\/fr\/wp-json\/wp\/v2\/types\/post"}],"author":[{"embeddable":true,"href":"https:\/\/www.europesays.com\/fr\/wp-json\/wp\/v2\/users\/2"}],"replies":[{"embeddable":true,"href":"https:\/\/www.europesays.com\/fr\/wp-json\/wp\/v2\/comments?post=652164"}],"version-history":[{"count":0,"href":"https:\/\/www.europesays.com\/fr\/wp-json\/wp\/v2\/posts\/652164\/revisions"}],"wp:featuredmedia":[{"embeddable":true,"href":"https:\/\/www.europesays.com\/fr\/wp-json\/wp\/v2\/media\/652165"}],"wp:attachment":[{"href":"https:\/\/www.europesays.com\/fr\/wp-json\/wp\/v2\/media?parent=652164"}],"wp:term":[{"taxonomy":"category","embeddable":true,"href":"https:\/\/www.europesays.com\/fr\/wp-json\/wp\/v2\/categories?post=652164"},{"taxonomy":"post_tag","embeddable":true,"href":"https:\/\/www.europesays.com\/fr\/wp-json\/wp\/v2\/tags?post=652164"}],"curies":[{"name":"wp","href":"https:\/\/api.w.org\/{rel}","templated":true}]}}