{"id":652166,"date":"2026-01-09T17:40:12","date_gmt":"2026-01-09T17:40:12","guid":{"rendered":"https:\/\/www.europesays.com\/fr\/652166\/"},"modified":"2026-01-09T17:40:12","modified_gmt":"2026-01-09T17:40:12","slug":"maire-dans-le-deni-necessite-dun-debat-public-a-gauche-bon-bilan-les-reactions-a-la-candidature-de-pierre-hurmic","status":"publish","type":"post","link":"https:\/\/www.europesays.com\/fr\/652166\/","title":{"rendered":"\u00ab\u00a0maire dans le d\u00e9ni\u00a0\u00bb, n\u00e9cessit\u00e9 d\u2019un \u00ab\u00a0d\u00e9bat public\u00a0\u00bb \u00e0 gauche, \u00ab\u00a0bon bilan\u00a0\u00bb, les r\u00e9actions \u00e0 la candidature de Pierre Hurmic"},"content":{"rendered":"<p>Autre candidat prompt \u00e0 r\u00e9agir \u00e0 l\u2019annonce de Pierre Hurmic, Nordine Raymond (LFI). Cinglant, il salue dans un communiqu\u00e9 \u00ab\u00a0l\u2019ouverture d\u2019un temps de r\u00e9flexion d\u00e9mocratique pour la population\u00a0\u00bb, \u00ab\u00a0bien que la campagne [du maire sortant] aura du mal \u00e0 s\u2019appuyer sur un bilan marqu\u00e9 par de nombreux manquements et renoncements au regard des engagements pris et des espoirs suscit\u00e9s en 2020\u00a0\u00bb.<\/p>\n<p>    Rupture LFI-Hurmic confirm\u00e9e<br \/>\nDans l\u2019entretien accord\u00e9 \u00e0 Sud Ouest, Pierre Hurmic a confirm\u00e9 que la rupture avec LFI, qui avait d\u00e9j\u00e0 fait liste s\u00e9par\u00e9e en 2020 (avec Philuippe Poutou \u00e0 sa t\u00eate), est consomm\u00e9e. \u201cJe maintiens ma position, LFI n\u2019a aucune envie de travailler avec nous, a choisi l\u2019opposition syst\u00e9matique pendant six ans. C\u2019est chacun dans son couloir\u201d.<\/p>\n<p>Hommage appuy\u00e9<\/p>\n<p>Et d\u2019appeler \u00e0 \u00ab\u00a0l\u2019organisation d\u2019un d\u00e9bat public entre nos deux projets\u00a0\u00bb\u00a0: d\u2019un c\u00f4t\u00e9, \u00ab\u00a0une gauche d\u2019accompagnement, qui s\u2019acoquine nationalement avec les macronistes en leur permettant de se maintenir au pouvoir par le vote ou l\u2019abstention\u00a0\u00bb, et, de l\u2019autre, \u00ab\u00a0une gauche de rupture\u00a0\u00bb, la sienne, \u00ab\u00a0capable de r\u00e9pondre aux besoins de la population en ayant pleinement conscience des enjeux majeurs auxquels nous allons devoir faire face\u00a0\u00bb.<\/p>\n<p>        <img decoding=\"async\" id=\"26570667\" src=\"https:\/\/www.europesays.com\/fr\/wp-content\/uploads\/2026\/01\/20251102153021-a14a9296.jpg\" alt=\"Nordine R\u00e9mond, candidat LFI, en novembre dernier.\" itemprop=\"contentURL\"\/><\/p>\n<p>    Nordine R\u00e9mond, candidat LFI, en novembre dernier.<\/p>\n<p>Archives GUILLAUME BONNAUD \/ SO<\/p>\n","protected":false},"excerpt":{"rendered":"Autre candidat prompt \u00e0 r\u00e9agir \u00e0 l\u2019annonce de Pierre Hurmic, Nordine Raymond (LFI). Cinglant, il salue dans un&hellip;\n","protected":false},"author":2,"featured_media":652167,"comment_status":"","ping_status":"","sticky":false,"template":"","format":"standard","meta":{"footnotes":""},"categories":[2817],"tags":[1111,11,1997,1777,674,1011,27,12,2219,25],"class_list":{"0":"post-652166","1":"post","2":"type-post","3":"status-publish","4":"format-standard","5":"has-post-thumbnail","7":"category-bordeaux","8":"tag-actu","9":"tag-actualites","10":"tag-bordeaux","11":"tag-eu","12":"tag-europe","13":"tag-fr","14":"tag-france","15":"tag-news","16":"tag-nouvelle-aquitaine","17":"tag-republique-francaise"},"share_on_mastodon":{"url":"https:\/\/pubeurope.com\/@fr\/115866371712776729","error":""},"_links":{"self":[{"href":"https:\/\/www.europesays.com\/fr\/wp-json\/wp\/v2\/posts\/652166","targetHints":{"allow":["GET"]}}],"collection":[{"href":"https:\/\/www.europesays.com\/fr\/wp-json\/wp\/v2\/posts"}],"about":[{"href":"https:\/\/www.europesays.com\/fr\/wp-json\/wp\/v2\/types\/post"}],"author":[{"embeddable":true,"href":"https:\/\/www.europesays.com\/fr\/wp-json\/wp\/v2\/users\/2"}],"replies":[{"embeddable":true,"href":"https:\/\/www.europesays.com\/fr\/wp-json\/wp\/v2\/comments?post=652166"}],"version-history":[{"count":0,"href":"https:\/\/www.europesays.com\/fr\/wp-json\/wp\/v2\/posts\/652166\/revisions"}],"wp:featuredmedia":[{"embeddable":true,"href":"https:\/\/www.europesays.com\/fr\/wp-json\/wp\/v2\/media\/652167"}],"wp:attachment":[{"href":"https:\/\/www.europesays.com\/fr\/wp-json\/wp\/v2\/media?parent=652166"}],"wp:term":[{"taxonomy":"category","embeddable":true,"href":"https:\/\/www.europesays.com\/fr\/wp-json\/wp\/v2\/categories?post=652166"},{"taxonomy":"post_tag","embeddable":true,"href":"https:\/\/www.europesays.com\/fr\/wp-json\/wp\/v2\/tags?post=652166"}],"curies":[{"name":"wp","href":"https:\/\/api.w.org\/{rel}","templated":true}]}}