{"id":652179,"date":"2026-01-09T17:47:11","date_gmt":"2026-01-09T17:47:11","guid":{"rendered":"https:\/\/www.europesays.com\/fr\/652179\/"},"modified":"2026-01-09T17:47:11","modified_gmt":"2026-01-09T17:47:11","slug":"lyon-une-fillette-de-4-ans-renversee-sur-un-passage-pieton-avenue-des-freres-lumiere","status":"publish","type":"post","link":"https:\/\/www.europesays.com\/fr\/652179\/","title":{"rendered":"Lyon. Une fillette de 4 ans renvers\u00e9e sur un passage pi\u00e9ton avenue des Fr\u00e8res Lumi\u00e8re"},"content":{"rendered":"<p>La sc\u00e8ne a glac\u00e9 le sang des riverains pr\u00e9sents au moment des faits.<\/p>\n<p>Ce mercredi 7\u00a0janvier, une fillette de 4 ans a \u00e9t\u00e9 percut\u00e9e par un automobiliste alors qu\u2019elle traversait un passage pi\u00e9ton situ\u00e9 au niveau du 52, avenue des Fr\u00e8res Lumi\u00e8re (Lyon 8e).<\/p>\n<p>Ce contenu est bloqu\u00e9 car vous n&rsquo;avez pas accept\u00e9 les cookies et autres traceurs.<\/p>\n<p>En cliquant sur \u00ab J\u2019accepte \u00bb, les cookies et autres traceurs seront d\u00e9pos\u00e9s et vous pourrez visualiser les contenus  (<a href=\"\" class=\"consentModule_policy\" target=\"_blank\" title=\"Consulter la politique de protection des donn\u00e9es du fournisseur\">plus d&rsquo;informations<\/a>).<\/p>\n<p>En cliquant sur \u00ab J\u2019accepte tous les cookies \u00bb, vous autorisez des d\u00e9p\u00f4ts de cookies et autres traceurs pour le stockage de vos donn\u00e9es sur nos sites et applications \u00e0 des fins de personnalisation et de ciblage publicitaire.<\/p>\n<p class=\"consentModule_secondaryText\">Vous gardez la possibilit\u00e9 de retirer votre consentement \u00e0 tout moment en consultant notre <a href=\"https:\/\/www.leprogres.fr\/protection-des-donnees\" target=\"_blank\" title=\"Consulter notre politique de protection des donn\u00e9es\" rel=\"noopener\">politique de protection des donn\u00e9es<\/a>. <br \/>&#13;<br \/>\n            <a href=\"https:\/\/www.leprogres.fr\/faits-divers-justice\/2026\/01\/09\/javascript:Didomi.notice.show()\" class=\"consentModule_cmp\" target=\"_blank\" rel=\"noopener\">G\u00e9rer mes choix<\/a>&#13;\n        <\/p>\n<p>&#13;<br \/>\n                        J&rsquo;accepte&#13;<br \/>\n            J&rsquo;accepte tous les cookies&#13;\n        <\/p>\n<p>L\u2019homme \u00e9tait vraisemblablement sous l\u2019empire de l\u2019alcool lorsque l\u2019accident s\u2019est produit.<\/p>\n<p>  \u00ab\u00a0Nous avons vu la petite fille voler\u00a0\u00bb<\/p>\n<p>La collision, particuli\u00e8rement violente, a suscit\u00e9 de nombreuses r\u00e9actions sur les r\u00e9seaux sociaux. Une internaute relate ainsi\u00a0: \u00ab\u00a0J\u2018\u00e9tais pr\u00e9sente avec mon fr\u00e8re lors de ce terrible accident [\u2026] Nous nous sommes retourn\u00e9s au moment des crissements de pneus, et avons vu la petite fille voler et s\u2019\u00e9craser au sol. Nous sommes rest\u00e9s ensuite pour appeler les secours et faire la circulation.\u00a0\u00bb<\/p>\n<p>Une \u00e9quipe du Samu, accompagn\u00e9e d\u2019une ambulance, a tr\u00e8s rapidement converg\u00e9 sur les lieux de la collision.<\/p>\n<p>Si les premiers t\u00e9moignages laissaient craindre le pire, selon nos informations, la fillette a \u00e9t\u00e9 transport\u00e9e \u00e0 l\u2019h\u00f4pital sans pronostic vital engag\u00e9.<\/p>\n<p>Le conducteur a quant \u00e0 lui \u00e9t\u00e9 interpell\u00e9 et plac\u00e9 en garde \u00e0 vue. Il devait \u00eatre pr\u00e9sent\u00e9 ce vendredi au parquet de Lyon.<\/p>\n","protected":false},"excerpt":{"rendered":"La sc\u00e8ne a glac\u00e9 le sang des riverains pr\u00e9sents au moment des faits. Ce mercredi 7\u00a0janvier, une fillette&hellip;\n","protected":false},"author":2,"featured_media":652180,"comment_status":"","ping_status":"","sticky":false,"template":"","format":"standard","meta":{"footnotes":""},"categories":[1889],"tags":[119,1111,11,2430,2757,1777,674,274,107,1011,27,2428,9744,9743,12,25,2429],"class_list":{"0":"post-652179","1":"post","2":"type-post","3":"status-publish","4":"format-standard","5":"has-post-thumbnail","7":"category-lyon","8":"tag-accident","9":"tag-actu","10":"tag-actualites","11":"tag-auvergne-rhone-alpes","12":"tag-edition-lyon-villeurbanne","13":"tag-eu","14":"tag-europe","15":"tag-faits-divers-justice","16":"tag-fil-info","17":"tag-fr","18":"tag-france","19":"tag-lyon","20":"tag-lyon-8e","21":"tag-lyon-8e-arrondissement","22":"tag-news","23":"tag-republique-francaise","24":"tag-rhone"},"share_on_mastodon":{"url":"https:\/\/pubeurope.com\/@fr\/115866399194362595","error":""},"_links":{"self":[{"href":"https:\/\/www.europesays.com\/fr\/wp-json\/wp\/v2\/posts\/652179","targetHints":{"allow":["GET"]}}],"collection":[{"href":"https:\/\/www.europesays.com\/fr\/wp-json\/wp\/v2\/posts"}],"about":[{"href":"https:\/\/www.europesays.com\/fr\/wp-json\/wp\/v2\/types\/post"}],"author":[{"embeddable":true,"href":"https:\/\/www.europesays.com\/fr\/wp-json\/wp\/v2\/users\/2"}],"replies":[{"embeddable":true,"href":"https:\/\/www.europesays.com\/fr\/wp-json\/wp\/v2\/comments?post=652179"}],"version-history":[{"count":0,"href":"https:\/\/www.europesays.com\/fr\/wp-json\/wp\/v2\/posts\/652179\/revisions"}],"wp:featuredmedia":[{"embeddable":true,"href":"https:\/\/www.europesays.com\/fr\/wp-json\/wp\/v2\/media\/652180"}],"wp:attachment":[{"href":"https:\/\/www.europesays.com\/fr\/wp-json\/wp\/v2\/media?parent=652179"}],"wp:term":[{"taxonomy":"category","embeddable":true,"href":"https:\/\/www.europesays.com\/fr\/wp-json\/wp\/v2\/categories?post=652179"},{"taxonomy":"post_tag","embeddable":true,"href":"https:\/\/www.europesays.com\/fr\/wp-json\/wp\/v2\/tags?post=652179"}],"curies":[{"name":"wp","href":"https:\/\/api.w.org\/{rel}","templated":true}]}}