{"id":652195,"date":"2026-01-09T17:56:11","date_gmt":"2026-01-09T17:56:11","guid":{"rendered":"https:\/\/www.europesays.com\/fr\/652195\/"},"modified":"2026-01-09T17:56:11","modified_gmt":"2026-01-09T17:56:11","slug":"guerre-en-ukraine-un-marin-decede-apres-une-frappe-de-drones-sur-deux-cargos-en-mer-noire-kyiv-accuse-moscou-detre-derriere-cette-attaque","status":"publish","type":"post","link":"https:\/\/www.europesays.com\/fr\/652195\/","title":{"rendered":"Guerre en Ukraine : un marin d\u00e9c\u00e8de apr\u00e8s une frappe de drones sur deux cargos en mer Noire, Kyiv accuse Moscou d&rsquo;\u00eatre derri\u00e8re cette attaque"},"content":{"rendered":"<p>\n                                                                Les tensions en mer Noire s&rsquo;intensifient avec l&rsquo;accusation de l&rsquo;Ukraine contre l&rsquo;arm\u00e9e russe pour des frappes de drones sur deux cargos.\u00a0\n                            <\/p>\n<p>L&rsquo;Ukraine a accus\u00e9, ce vendredi 9 janvier,\u00a0\u00a0l&rsquo;arm\u00e9e russe d&rsquo;avoir frapp\u00e9 avec des drones deux cargos naviguant en mer Noire, causant la mort d&rsquo;un marin de nationalit\u00e9 syrienne, apr\u00e8s plusieurs attaques similaires ces derni\u00e8res semaines.<\/p>\n<p>Sur Telegram, un vice-Premier ministre, Oleksi\u00ef Kouleba, a affirm\u00e9 que le cargo sur lequel est mort ce membre d&rsquo;\u00e9quipage syrien se trouvait pr\u00e8s du port d&rsquo;Odessa au moment de l&rsquo;attaque.<\/p>\n<p>Le deuxi\u00e8me navire se rendait, lui, vers le port ukrainien de Tchornomorsk pour \u00eatre charg\u00e9 en c\u00e9r\u00e9ales et, selon des informations pr\u00e9liminaires, il pourrait y avoir des \u00ab\u00a0bless\u00e9s\u00a0\u00bb, a-t-il dit.<\/p>\n<p>Un p\u00e9trolier en mer Noire<\/p>\n<p>Pour rappel, ce jeudi 8 janvier, un p\u00e9trolier\u00a0en route vers la Russie a lui aussi \u00e9t\u00e9 cibli\u00e9 par des drones en mer Noire. Ce dernier battait pavillon des Palaso et a sollicit\u00e9\u00a0\u00a0l\u2019assistance des gardes-c\u00f4tes turcs apr\u00e8s l\u2019incident et a d\u00e9vi\u00e9 sa trajectoire vers les c\u00f4tes de Turquie.<\/p>\n<p>\u00a0L\u2019identit\u00e9 des auteurs demeure inconnue. Interrog\u00e9 par les m\u00e9dias, le service de s\u00e9curit\u00e9 ukrainien (SBU) n\u2019a pas souhait\u00e9 commenter cet incident.<\/p>\n","protected":false},"excerpt":{"rendered":"Les tensions en mer Noire s&rsquo;intensifient avec l&rsquo;accusation de l&rsquo;Ukraine contre l&rsquo;arm\u00e9e russe pour des frappes de drones&hellip;\n","protected":false},"author":2,"featured_media":652196,"comment_status":"","ping_status":"","sticky":false,"template":"","format":"standard","meta":{"footnotes":""},"categories":[1590],"tags":[1111,11,1777,674,131,14,12,220],"class_list":{"0":"post-652195","1":"post","2":"type-post","3":"status-publish","4":"format-standard","5":"has-post-thumbnail","7":"category-ukraine","8":"tag-actu","9":"tag-actualites","10":"tag-eu","11":"tag-europe","12":"tag-guerre-en-ukraine","13":"tag-international","14":"tag-news","15":"tag-ukraine"},"share_on_mastodon":{"url":"https:\/\/pubeurope.com\/@fr\/115866434596471195","error":""},"_links":{"self":[{"href":"https:\/\/www.europesays.com\/fr\/wp-json\/wp\/v2\/posts\/652195","targetHints":{"allow":["GET"]}}],"collection":[{"href":"https:\/\/www.europesays.com\/fr\/wp-json\/wp\/v2\/posts"}],"about":[{"href":"https:\/\/www.europesays.com\/fr\/wp-json\/wp\/v2\/types\/post"}],"author":[{"embeddable":true,"href":"https:\/\/www.europesays.com\/fr\/wp-json\/wp\/v2\/users\/2"}],"replies":[{"embeddable":true,"href":"https:\/\/www.europesays.com\/fr\/wp-json\/wp\/v2\/comments?post=652195"}],"version-history":[{"count":0,"href":"https:\/\/www.europesays.com\/fr\/wp-json\/wp\/v2\/posts\/652195\/revisions"}],"wp:featuredmedia":[{"embeddable":true,"href":"https:\/\/www.europesays.com\/fr\/wp-json\/wp\/v2\/media\/652196"}],"wp:attachment":[{"href":"https:\/\/www.europesays.com\/fr\/wp-json\/wp\/v2\/media?parent=652195"}],"wp:term":[{"taxonomy":"category","embeddable":true,"href":"https:\/\/www.europesays.com\/fr\/wp-json\/wp\/v2\/categories?post=652195"},{"taxonomy":"post_tag","embeddable":true,"href":"https:\/\/www.europesays.com\/fr\/wp-json\/wp\/v2\/tags?post=652195"}],"curies":[{"name":"wp","href":"https:\/\/api.w.org\/{rel}","templated":true}]}}