{"id":652200,"date":"2026-01-09T17:59:13","date_gmt":"2026-01-09T17:59:13","guid":{"rendered":"https:\/\/www.europesays.com\/fr\/652200\/"},"modified":"2026-01-09T17:59:13","modified_gmt":"2026-01-09T17:59:13","slug":"bundesliga-deux-matches-du-championnat-dallemagne-reportes-a-cause-des-conditions-meteorologiques","status":"publish","type":"post","link":"https:\/\/www.europesays.com\/fr\/652200\/","title":{"rendered":"Bundesliga: deux matches du championnat d&rsquo;Allemagne report\u00e9s \u00e0 cause des conditions m\u00e9t\u00e9orologiques"},"content":{"rendered":"<p class=\"ap-StoryElement ap-StoryElement--mb ap-StoryText\">Les matches entre St. Pauli et Leipzig d&rsquo;une part et entre Br\u00eame et Hoffenheim d&rsquo;autre part, initialement programm\u00e9s samedi et comptant pour la 16e journ\u00e9e du championnat d&rsquo;Allemagne, ont \u00e9t\u00e9 report\u00e9s en raison des mauvaises conditions m\u00e9t\u00e9orologiques, a annonc\u00e9 la Ligue allemande (DFL), vendredi.<\/p>\n<p class=\"ap-StoryElement ap-StoryElement--mb ap-StoryText\">En d\u00e9but d&rsquo;apr\u00e8s-midi, la DFL avait d&rsquo;abord d\u00e9cid\u00e9 de reporter la rencontre au Millerntor-Stadion de St. Pauli, un quartier hambourgeois, contre Leipzig car \u00ab\u00a0la s\u00e9curit\u00e9 de toutes les personnes concern\u00e9es le jour du match ne pouvait pas \u00eatre garantie en raison des chutes de neige persistantes, des conditions glissantes et du temps temp\u00e9tueux\u00a0\u00bb.<\/p>\n","protected":false},"excerpt":{"rendered":"Les matches entre St. Pauli et Leipzig d&rsquo;une part et entre Br\u00eame et Hoffenheim d&rsquo;autre part, initialement programm\u00e9s&hellip;\n","protected":false},"author":2,"featured_media":652201,"comment_status":"","ping_status":"","sticky":false,"template":"","format":"standard","meta":{"footnotes":""},"categories":[1587],"tags":[11,672,1804,1805,1803,1777,674,63,1801,12,1802],"class_list":{"0":"post-652200","1":"post","2":"type-post","3":"status-publish","4":"format-standard","5":"has-post-thumbnail","7":"category-allemagne","8":"tag-actualites","9":"tag-allemagne","10":"tag-bundesrepublik-deutschland","11":"tag-de","12":"tag-deutschland","13":"tag-eu","14":"tag-europe","15":"tag-football","16":"tag-germany","17":"tag-news","18":"tag-republique-federale-dallemagne"},"share_on_mastodon":{"url":"https:\/\/pubeurope.com\/@fr\/115866446290527061","error":""},"_links":{"self":[{"href":"https:\/\/www.europesays.com\/fr\/wp-json\/wp\/v2\/posts\/652200","targetHints":{"allow":["GET"]}}],"collection":[{"href":"https:\/\/www.europesays.com\/fr\/wp-json\/wp\/v2\/posts"}],"about":[{"href":"https:\/\/www.europesays.com\/fr\/wp-json\/wp\/v2\/types\/post"}],"author":[{"embeddable":true,"href":"https:\/\/www.europesays.com\/fr\/wp-json\/wp\/v2\/users\/2"}],"replies":[{"embeddable":true,"href":"https:\/\/www.europesays.com\/fr\/wp-json\/wp\/v2\/comments?post=652200"}],"version-history":[{"count":0,"href":"https:\/\/www.europesays.com\/fr\/wp-json\/wp\/v2\/posts\/652200\/revisions"}],"wp:featuredmedia":[{"embeddable":true,"href":"https:\/\/www.europesays.com\/fr\/wp-json\/wp\/v2\/media\/652201"}],"wp:attachment":[{"href":"https:\/\/www.europesays.com\/fr\/wp-json\/wp\/v2\/media?parent=652200"}],"wp:term":[{"taxonomy":"category","embeddable":true,"href":"https:\/\/www.europesays.com\/fr\/wp-json\/wp\/v2\/categories?post=652200"},{"taxonomy":"post_tag","embeddable":true,"href":"https:\/\/www.europesays.com\/fr\/wp-json\/wp\/v2\/tags?post=652200"}],"curies":[{"name":"wp","href":"https:\/\/api.w.org\/{rel}","templated":true}]}}