{"id":652214,"date":"2026-01-09T18:07:11","date_gmt":"2026-01-09T18:07:11","guid":{"rendered":"https:\/\/www.europesays.com\/fr\/652214\/"},"modified":"2026-01-09T18:07:11","modified_gmt":"2026-01-09T18:07:11","slug":"une-minute-de-silence-avant-castres-bath-en-hommage-aux-victimes-de-crans-montana","status":"publish","type":"post","link":"https:\/\/www.europesays.com\/fr\/652214\/","title":{"rendered":"une minute de silence avant Castres-Bath en hommage aux victimes de Crans-Montana"},"content":{"rendered":"<p>\n    L\u2019EPCR, organisateur de la comp\u00e9tition europ\u00e9enne, bas\u00e9 en Suisse, s\u2019associe \u00e0 la journ\u00e9e de deuil national ce vendredi dans la Conf\u00e9d\u00e9ration helv\u00e9tique.<\/p>\n<p class=\"fig-paragraph\">L\u2019organisateur des comp\u00e9titions europ\u00e9ennes de rugby, l\u2019EPCR, est bas\u00e9 en Suisse, \u00e0 Lausanne. Via un communiqu\u00e9, l\u2019instance annonce \u00abs\u2019unir \u00e0 la Suisse pour respecter\u00a0<a href=\"https:\/\/www.lefigaro.fr\/international\/en-direct-incendie-de-crans-montana-la-suisse-rend-un-hommage-national-aux-victimes-du-bar-le-constellation-20260109\" data-fig-type=\"Live\" data-gtm-custom-categorie=\"navigation\" data-gtm-custom-action=\"crossclick\" data-gtm-custom-label=\"Contextuel\" data-gtm-event=\"customEventSPE\" data-fig-domain=\"LEFIGARO\" target=\"_blank\" rel=\"noopener\">la journ\u00e9e de deuil national<\/a> \u00a0d\u00e9clar\u00e9e aujourd\u2019hui par le Pr\u00e9sident de la Conf\u00e9d\u00e9ration suisse, Guy Parmelin, \u00e0 la suite du terrible incendie de Crans-Montana pendant la nuit de la Saint-Sylvestre.\u00bb<\/p>\n<p class=\"fig-paragraph\">En soutien \u00abaux nombreuses personnes touch\u00e9es par cette trag\u00e9die\u00bb, l\u2019EPCR invite \u00ables spectateurs pr\u00e9sents \u00e0 observer une minute de silence afin de partager un moment de recueillement et de solidarit\u00e9 en cette journ\u00e9e de deuil national\u00bb avant le coup d\u2019envoi des matchs de Champions Cup disput\u00e9s ce vendredi soir, \u00e0 savoir Castres contre les Anglais de Bath et la rencontre entre \u00c9dimbourg et Gloucester.<\/p>\n","protected":false},"excerpt":{"rendered":"L\u2019EPCR, organisateur de la comp\u00e9tition europ\u00e9enne, bas\u00e9 en Suisse, s\u2019associe \u00e0 la journ\u00e9e de deuil national ce vendredi&hellip;\n","protected":false},"author":2,"featured_media":652215,"comment_status":"","ping_status":"","sticky":false,"template":"","format":"standard","meta":{"footnotes":""},"categories":[1416],"tags":[7336,3460,1011,27,479,1468,60],"class_list":{"0":"post-652214","1":"post","2":"type-post","3":"status-publish","4":"format-standard","5":"has-post-thumbnail","7":"category-rugby","8":"tag-castres-olympique","9":"tag-champions-cup","10":"tag-fr","11":"tag-france","12":"tag-rugby","13":"tag-rugby-football","14":"tag-sports"},"share_on_mastodon":{"url":"https:\/\/pubeurope.com\/@fr\/115866477780895806","error":""},"_links":{"self":[{"href":"https:\/\/www.europesays.com\/fr\/wp-json\/wp\/v2\/posts\/652214","targetHints":{"allow":["GET"]}}],"collection":[{"href":"https:\/\/www.europesays.com\/fr\/wp-json\/wp\/v2\/posts"}],"about":[{"href":"https:\/\/www.europesays.com\/fr\/wp-json\/wp\/v2\/types\/post"}],"author":[{"embeddable":true,"href":"https:\/\/www.europesays.com\/fr\/wp-json\/wp\/v2\/users\/2"}],"replies":[{"embeddable":true,"href":"https:\/\/www.europesays.com\/fr\/wp-json\/wp\/v2\/comments?post=652214"}],"version-history":[{"count":0,"href":"https:\/\/www.europesays.com\/fr\/wp-json\/wp\/v2\/posts\/652214\/revisions"}],"wp:featuredmedia":[{"embeddable":true,"href":"https:\/\/www.europesays.com\/fr\/wp-json\/wp\/v2\/media\/652215"}],"wp:attachment":[{"href":"https:\/\/www.europesays.com\/fr\/wp-json\/wp\/v2\/media?parent=652214"}],"wp:term":[{"taxonomy":"category","embeddable":true,"href":"https:\/\/www.europesays.com\/fr\/wp-json\/wp\/v2\/categories?post=652214"},{"taxonomy":"post_tag","embeddable":true,"href":"https:\/\/www.europesays.com\/fr\/wp-json\/wp\/v2\/tags?post=652214"}],"curies":[{"name":"wp","href":"https:\/\/api.w.org\/{rel}","templated":true}]}}