{"id":652220,"date":"2026-01-09T18:13:10","date_gmt":"2026-01-09T18:13:10","guid":{"rendered":"https:\/\/www.europesays.com\/fr\/652220\/"},"modified":"2026-01-09T18:13:10","modified_gmt":"2026-01-09T18:13:10","slug":"bordeaux-bayonne-santiago-cucci-se-confie-avant-de-retrouver-les-girondins","status":"publish","type":"post","link":"https:\/\/www.europesays.com\/fr\/652220\/","title":{"rendered":"Bordeaux-Bayonne : Santiago Cucci se confie avant de retrouver les Girondins"},"content":{"rendered":"<p><img decoding=\"async\" src=\"https:\/\/www.europesays.com\/fr\/wp-content\/uploads\/2026\/01\/671_826964e9e72ae459cdf2b4d4f424f145.jpg\" alt=\"Bordeaux-Bayonne : Santiago Cucci se confie avant de retrouver les Girondins\" class=\"img-responsive mt-3\"\/><\/p>\n<p class=\"text-center mb-3\" style=\"font-size: 14px\">\u00a9 Iconsport<\/p>\n<p>      <strong>Santiago Cucci : \u201cJe reste un supporter des Girondins de Bordeaux\u201d<\/strong><\/p>\n<p><strong>\u201cJe suis chez moi \u00e0 l\u2019Aviron Bayonnais\u201d<\/strong><\/p>\n<p style=\"text-align: justify;\"><strong>WebGirondins : Cela fait cinq mois que vous avez pris les commandes de l\u2019Aviron Bayonnais, comment se passe votre travail club ?<\/strong><\/p>\n<p style=\"text-align: justify;\">Santiago Cucci : Tr\u00e8s bien, je suis tr\u00e8s content, et c\u2019est un pur bonheur. Je me sens bien et je suis chez moi. Il y a une diff\u00e9rence entre \u00eatre employ\u00e9 salari\u00e9 comme je l&rsquo;\u00e9tais \u00e0 Lyon dans une grosse \u00e9quipe et \u00eatre chez soi dans son milieu avec ses amis dans un \u00e9cosyst\u00e8me que je connais tr\u00e8s bien. Finalement, c\u2019est le m\u00eame m\u00e9tier, \u00e0 l&rsquo;exception des enjeux qui sont diff\u00e9rents. L\u2019exp\u00e9rience lyonnaise a \u00e9t\u00e9 superbe, je ne la regrette pas.<\/p>\n<p style=\"text-align: justify;\"><strong>C\u2019est vraiment le m\u00eame m\u00e9tier d&rsquo;\u00eatre pr\u00e9sident de l\u2019OL et de l\u2019ABFC ?<\/strong><\/p>\n<p style=\"text-align: justify;\">Oui, sauf que tu as moins de monde pour t&rsquo;aider. \u00c0 l\u2019Aviron, il y a des gens brillants, des b\u00e9n\u00e9voles, c\u2019est respectueux et noble. C\u2019est tr\u00e8s humain et c&rsquo;est la passion du football. J\u2019habite \u00e0 Saint-Jean-de-Luz, donc l\u2019Aviron Bayonnais c\u2019est le club d\u2019ici.<\/p>\n<p style=\"text-align: justify;\"><strong>Quelle est la feuille de route du club que vous avez fix\u00e9e cette saison ?<\/strong><\/p>\n<p style=\"text-align: justify;\">Simplement apprendre le championnat de National 2 et faire un parcours honorable avec nos armes. Nous avons l\u2019un des plus petits budgets du championnat. Nos armes, c&rsquo;est l&rsquo;humain : notre courage, notre fiert\u00e9 et la convivialit\u00e9. Ce sont les valeurs de l\u2019Avrion Bayonnais.<\/p>\n<p><strong>\u00ab\u00a0On s\u2019est fix\u00e9 trois ans pour monter un cran au-dessus et atteindre un niveau professionnel\u00a0\u00bb<\/strong><\/p>\n<p style=\"text-align: justify;\"><strong>Quand on travaille avec l&rsquo;exp\u00e9riment\u00e9 Alain Pochat comme entra\u00eeneur (plus de 300 matchs en N1), on pense forc\u00e9ment \u00e0 la mont\u00e9e en N1 ?<\/strong><\/p>\n<p style=\"text-align: justify;\">Oui, on a de l&rsquo;ambition et on se prend au jeu. On est tous des passionn\u00e9s comp\u00e9titeurs. On s\u2019est fix\u00e9 trois ans pour monter un cran au-dessus et atteindre un niveau professionnel. Cela fera du bien \u00e0 L\u2019Aviron Bayonnais FC et \u00e0 la R\u00e9gion. Le projet est de b\u00e2tir autour de notre formation l\u2019un des meilleurs projets de jeu et d\u2019\u00e9volution pour tous les jeunes du bassin du Pays Basque. Il y a beaucoup de clubs. On veut proposer une \u00e9volution dans le monde professionnel \u00e0 l&rsquo;Aviron, et pour les meilleurs chez notre partenaire de la Real Sociedad qui est un club\u00a0 avec une ambition europ\u00e9enne.<\/p>\n<p style=\"text-align: justify;\"><strong>En quoi consiste le partenariat avec la Real Sociedad ?<\/strong><\/p>\n<p style=\"text-align: justify;\">On l\u2019a dynamis\u00e9 cette ann\u00e9e avec des \u00e9changes sur les m\u00e9thodologies, et le coaching. Nos entra\u00eeneurs ont \u00e9t\u00e9 accueillis \u00e0 Zubieta, et form\u00e9s. On leur a montr\u00e9 ce qu&rsquo;esp\u00e9rait la Real Sociedad en termes d&rsquo;\u00e9volution des jeunes. Ensuite, les coachs de la Real Sociedad sont venus \u00e0 l&rsquo;Aviron Bayonnais pour voir comment on travaillait. C\u2019est une communication importante et de qualit\u00e9 entre les deux clubs.<\/p>\n<p style=\"text-align: justify;\"><strong>Cela peut-il d\u00e9boucher sur des mouvements de joueurs qui passent d\u2019une structure \u00e0 l\u2019autre ?<\/strong><\/p>\n<p style=\"text-align: justify;\">Oui, c\u2019est l\u2019id\u00e9al. Mais l&rsquo;inconv\u00e9nient aujourd&rsquo;hui est que la r\u00e9serve de la Real Sociedad \u00e9volue en deuxi\u00e8me division espagnole (Liga 2). C\u2019est le seul club en Europe qui a une \u00e9quipe en premi\u00e8re en Liga et sa r\u00e9serve en Liga 2. C\u2019est dur d\u2019attirer les joueurs chez nous. Un de nos joueurs a \u00e9t\u00e9 pris chez eux. On est tr\u00e8s content, car \u00e7a montre qu&rsquo;on fait du bon boulot.<\/p>\n<p style=\"text-align: justify;\"><strong>(il poursuit)<\/strong><\/p>\n<p style=\"text-align: justify;\">Alain Pochat fait un travail extraordinaire, car, en plus de son m\u00e9tier d\u2019entra\u00eeneur de la N2, il supervise l&rsquo;\u00e9quipe r\u00e9serve, et les \u00e9quipes de jeunes. Il va m\u00eame voir jouer les U15. C&rsquo;est un passionn\u00e9 de football, du club et des valeurs. Il mange et respire foot. Nous avons une bonne relation. J\u2019inclus dans ce travail Ch\u00e9rif Djema, notre directeur sportif, qui am\u00e8ne de la fra\u00eecheur. On collabore tr\u00e8s bien ensemble.<\/p>\n<p><strong>Bordeaux, un match \u00e0 part<\/strong><\/p>\n<p style=\"text-align: justify;\"><strong>Ce d\u00e9placement \u00e0 Bordeaux a-t-il un go\u00fbt particulier apr\u00e8s votre tentative de rentrer au capital des Girondins en 2024 ?<\/strong><\/p>\n<p style=\"text-align: justify;\">On apprend toujours du v\u00e9cu*. Je reste positif. J\u2019ai trouv\u00e9 un projet plus simple financi\u00e8rement, et aussi au niveau de l&rsquo;actionnariat, puisque je suis seul \u00e0 l&rsquo;Aviron Bayonnais et je n\u2019ai pas besoin de partenaires. Je prends beaucoup de plaisir. J\u2019en profite pour remercier le pr\u00e9sident de l\u2019association Lauss\u00e9ni Sangar\u00e9, nous sommes deux copr\u00e9sidents en symbiose. Nos c\u0153urs battent pour l\u2019Aviron Bayonnais.<\/p>\n<p style=\"text-align: justify;\"><strong>D\u2019accord, mais ce d\u00e9placement \u00e0 Bordeaux reste tout de m\u00eame sp\u00e9cial ?<\/strong><\/p>\n<p style=\"text-align: justify;\">Il n\u2019a pas de saveur particuli\u00e8re par rapport \u00e0 ma tentative de rachat l\u2019ann\u00e9e derni\u00e8re. Il a un go\u00fbt diff\u00e9rent, car je reste une supporter des Girondins de Bordeaux. Avec mon \u00e9quipe, je vais tenter de proposer du beau jeu \u00e0 une \u00e9quipe que j\u2019aime. Je suis le pr\u00e9sident de l&rsquo;Aviron Bayonnais et j\u2019esp\u00e8re que je serais fier \u00e0 la fin du match, \u00e7a ne reste que trois points. Je crois beaucoup \u00e0 la destin\u00e9e de retrouver les Girondins de Bordeaux, c\u2019est excitant et passionnant. En plus, nos supporters se d\u00e9placent en bus pour venir assister au match et soutenir l\u2019\u00e9quipe, c\u2019est g\u00e9nial.<\/p>\n<p style=\"text-align: justify;\"><strong>Quel type de pr\u00e9sident \u00eates-vous ?<\/strong><\/p>\n<p style=\"text-align: justify;\">Dans ma vie professionnelle, j\u2019ai toujours d\u00e9l\u00e9gu\u00e9. Mon travail, c\u2019est d&rsquo;\u00eatre bien entour\u00e9. Je suis tr\u00e8s bien entour\u00e9 au club avec Lauss\u00e9ni Sangar\u00e9, un super entra\u00eeneur, et Cherif Djema. Je n\u2019oublie pas tous nos b\u00e9n\u00e9voles qui donnent pour le club. Je ne suis pas au club tous les jours, et je ne \u00ab\u00a0micro-manage\u00a0\u00bb pas. J&rsquo;ai une vraie passion pour les sportifs. Je suis un homme d\u2019affaires et j&rsquo;essaie de rendre l\u2019entreprise la plus saine possible.<\/p>\n<p style=\"text-align: justify;\"><strong>Manager un club ou une entreprise, est-ce diff\u00e9rent ?<\/strong><\/p>\n<p style=\"text-align: justify;\">Rien ne change dans mon approche. Je m&rsquo;entoure avec soin et dans la confiance. On se retrouve pour d\u00e9cider et avancer ensemble dans les entreprises comme dans un club de foot. Dans le milieu du foot, il y a plus de \u00ab\u00a0blabla\u00a0\u00bb par rapport au monde des affaires ou c\u2019est moins le cas.<\/p>\n<p style=\"text-align: justify;\"><strong>Votre \u00e9quipe est 3e au classement N2 alors qu&rsquo;elle est promue, r\u00eavez-vous d\u2019une belle fin de saison en haut de tableau ?<\/strong><\/p>\n<p style=\"text-align: justify;\">Oui, il faut toujours r\u00eaver. C\u2019est ce qui nous permet d\u2019avancer et de construire les moyens de nos ambitions. Il faut rester humble pour travailler. On fera les comptes \u00e0 la fin.<\/p>\n<p style=\"text-align: justify;\"><strong>O\u00f9 se jouera le match retour face aux Girondins le 2 mai prochain ?<\/strong><\/p>\n<p style=\"text-align: justify;\">Au stade Jean Dauger (stade historiquement d\u00e9di\u00e9 au rugby, NDLR). La pelouse du Stade Jean Dauger est hybride, et \u00e7a nous permettra de nous tester. On pourrait tout \u00e0 fait jouer chaque samedi dans ce stade. Mon r\u00eave, c\u2019est de partager un jour le co\u00fbt d\u2019entretien de la pelouse avec pr\u00e9sident de l\u2019Aviron Bayonnais rugby, Philippe Tayeb. J\u2019ai de tr\u00e8s bonnes relations avec lui.<\/p>\n<p style=\"text-align: justify;\">*Depuis sa tentative de rachat du club bordelais en 2024, Santiago Cucci et Micha\u00ebl Benabou ont investi notamment dans la soci\u00e9t\u00e9 IKKS.<\/p>\n<p>\u00c0 lire &gt;&gt; <strong><a href=\"https:\/\/www.webgirondins.com\/actualite-girondins-bordeaux-bayonne-inquietude-autour-de-steve-shamal-et-abou-ba-cote-girondins-131724\" target=\"_blank\" rel=\"noopener\">Bordeaux\u2013Bayonne : inqui\u00e9tude autour de Steve Shamal et Abou Ba c\u00f4t\u00e9 Girondins<\/a><\/strong><\/p>\n<p>\u00c9coutez notre podcast court sur l&rsquo;actualit\u00e9 des Girondins :<\/p>\n","protected":false},"excerpt":{"rendered":"\u00a9 Iconsport Santiago Cucci : \u201cJe reste un supporter des Girondins de Bordeaux\u201d \u201cJe suis chez moi \u00e0&hellip;\n","protected":false},"author":2,"featured_media":652221,"comment_status":"","ping_status":"","sticky":false,"template":"","format":"standard","meta":{"footnotes":""},"categories":[1410],"tags":[3694,34260,2865,3917,3810,43478,9202,1997,6074,51023,394,63,1011,27,1987,4933,4919,8297,7473,3982,51022,395,60,2858],"class_list":{"0":"post-652220","1":"post","2":"type-post","3":"status-publish","4":"format-standard","5":"has-post-thumbnail","7":"category-football","8":"tag-affaires","9":"tag-apprete","10":"tag-atlantique","11":"tag-avant","12":"tag-aviron","13":"tag-bayonnais","14":"tag-bayonne","15":"tag-bordeaux","16":"tag-confie","17":"tag-cucci","18":"tag-depuis","19":"tag-football","20":"tag-fr","21":"tag-france","22":"tag-girondins","23":"tag-homme","24":"tag-president","25":"tag-proprietaire","26":"tag-retrouver","27":"tag-samedi","28":"tag-santiago","29":"tag-septembre","30":"tag-sports","31":"tag-stade"},"share_on_mastodon":{"url":"https:\/\/pubeurope.com\/@fr\/115866501590487406","error":""},"_links":{"self":[{"href":"https:\/\/www.europesays.com\/fr\/wp-json\/wp\/v2\/posts\/652220","targetHints":{"allow":["GET"]}}],"collection":[{"href":"https:\/\/www.europesays.com\/fr\/wp-json\/wp\/v2\/posts"}],"about":[{"href":"https:\/\/www.europesays.com\/fr\/wp-json\/wp\/v2\/types\/post"}],"author":[{"embeddable":true,"href":"https:\/\/www.europesays.com\/fr\/wp-json\/wp\/v2\/users\/2"}],"replies":[{"embeddable":true,"href":"https:\/\/www.europesays.com\/fr\/wp-json\/wp\/v2\/comments?post=652220"}],"version-history":[{"count":0,"href":"https:\/\/www.europesays.com\/fr\/wp-json\/wp\/v2\/posts\/652220\/revisions"}],"wp:featuredmedia":[{"embeddable":true,"href":"https:\/\/www.europesays.com\/fr\/wp-json\/wp\/v2\/media\/652221"}],"wp:attachment":[{"href":"https:\/\/www.europesays.com\/fr\/wp-json\/wp\/v2\/media?parent=652220"}],"wp:term":[{"taxonomy":"category","embeddable":true,"href":"https:\/\/www.europesays.com\/fr\/wp-json\/wp\/v2\/categories?post=652220"},{"taxonomy":"post_tag","embeddable":true,"href":"https:\/\/www.europesays.com\/fr\/wp-json\/wp\/v2\/tags?post=652220"}],"curies":[{"name":"wp","href":"https:\/\/api.w.org\/{rel}","templated":true}]}}