{"id":652222,"date":"2026-01-09T18:14:11","date_gmt":"2026-01-09T18:14:11","guid":{"rendered":"https:\/\/www.europesays.com\/fr\/652222\/"},"modified":"2026-01-09T18:14:11","modified_gmt":"2026-01-09T18:14:11","slug":"le-premier-mari-de-caroline-de-monaco-philippe-junot-est-decede","status":"publish","type":"post","link":"https:\/\/www.europesays.com\/fr\/652222\/","title":{"rendered":"Le premier mari de Caroline de Monaco, Philippe Junot, est d\u00e9c\u00e9d\u00e9"},"content":{"rendered":"<p>Leur mariage n\u2019a dur\u00e9 que deux ans mais a durablement marqu\u00e9 les esprits. <a href=\"https:\/\/www.20minutes.fr\/societe\/1210017-20130813-20130813-homme-soupconne-avoir-vole-caroline-monaco-retrouve-grace-a-adn\" rel=\"nofollow noopener\" target=\"_blank\" class=\"c-link c-link--is-underlined\">Caroline de Monaco<\/a> n\u2019avait que 21 ans quand elle s\u2019est mari\u00e9e au promoteur immobilier, fils du d\u00e9put\u00e9 Michel Junot. Philippe Junot est d\u00e9c\u00e9d\u00e9 8\u00a0janvier, \u00e0 Madrid, \u00e0 l\u2019\u00e2ge de 85 ans, comme l\u2019a annonc\u00e9 sa fille a\u00een\u00e9e, Victoria, sur les <a href=\"https:\/\/www.instagram.com\/p\/DTRvjjogOk7\/?img_index=1\" rel=\"nofollow noopener\" target=\"_blank\" class=\"c-link c-link--is-underlined\">r\u00e9seaux sociaux<\/a>, \u00ab\u00a0apr\u00e8s une longue et belle vie riche en aventures\u00a0\u00bb.<\/p>\n<p>\u00ab\u00a0\u00c0 mon papa l\u00e9gendaire, nous t\u2019aimons profond\u00e9ment. Tu nous manqueras, les mots de sont pas assez forts\u00a0\u00bb, a-t-elle \u00e9crit au sujet de ce \u00ab\u00a0v\u00e9ritable gentleman\u00a0\u00bb, p\u00e8re de quatre enfants, \u00ab\u00a0grand-p\u00e8re de trois petits-enfants, bient\u00f4t quatre\u00a0\u00bb. \u00ab\u00a0Merci pour tous les rires et les aventures, pour nous avoir montr\u00e9 ton monde et nous avoir inspir\u00e9s \u00e0 atteindre de nouveaux sommets, merci pour ton amour qui ne nous quittera jamais. Quel privil\u00e8ge d\u2019avoir v\u00e9cu \u00e0 tes c\u00f4t\u00e9s.\u00a0\u00bb<\/p>\n<p>Parfum de sulfure<\/p>\n<p>L\u2019homme d\u2019affaires avait 17 ans d\u2019\u00e9cart avec Caroline de Monaco quand ils se sont mari\u00e9s, et tra\u00eenait une sulfureuse r\u00e9putation de coureur de jupons et aussi des soup\u00e7ons concernant ses affaires. Son nom a d\u2019ailleurs fait surface dans le cadre de l\u2019<a href=\"https:\/\/www.20minutes.fr\/monde\/3021099-20210414-etats-unis-financier-bernard-madoff-condamne-escroquerie-mort\" rel=\"nofollow noopener\" target=\"_blank\" class=\"c-link c-link--is-underlined\">affaire Madoff<\/a>. Leur union est survenue en\u00a01978 malgr\u00e9 les r\u00e9ticences du prince Rainier III, peu de temps apr\u00e8s leur rencontre dans une bo\u00eete de nuit new-yorkaise.<\/p>\n<p>Philippe Junot a eu trois enfants avec la Danoise Nina Wendelboe-Larsen. L\u2019une de ses filles, Isabelle, s\u2019est mari\u00e9e en\u00a02022 avec le marquis de Cubas, \u00c1lvaro Falc\u00f3, jetant un autre pont vers la noblesse, en Espagne cette fois. Il est aussi le p\u00e8re de Chlo\u00e9, 20 ans, qu\u2019il a eue avec le mannequin Hel\u00e9n Wendel.<\/p>\n<p>De son c\u00f4t\u00e9, apr\u00e8s le divorce prononc\u00e9 le 9\u00a0octobre 1980, la princesse Caroline s\u2019\u00e9tait remari\u00e9e civilement avec Stefano Casiraghi en\u00a01983, avec lequel elle a eu trois enfants, Andrea, <a href=\"https:\/\/www.20minutes.fr\/arts-stars\/people\/4094982-20240606-monaco-charlotte-fille-princesse-caroline-adore-vivre-enfance-aupres-vraies-gens\" rel=\"nofollow noopener\" target=\"_blank\" class=\"c-link c-link--is-underlined\">Charlotte<\/a>, qui a eu un fils avec <a href=\"https:\/\/www.20minutes.fr\/dossier\/gad_elmaleh\" class=\"c-link c-link--is-underlined\" target=\"_blank\" rel=\"noopener\">Gad Elmaleh<\/a>, et Pierre. La fratrie a donn\u00e9 \u00e0 la princesse et son second \u00e9poux pas moins de huit petits-enfants. Apr\u00e8s la mort de son mari en\u00a01990, Caroline de Monaco s\u2019est mari\u00e9e en\u00a01999 avec le prince Ernst August de <a href=\"https:\/\/www.20minutes.fr\/people\/2100983-20170707-conflits-argent-mariage-gache-famille-royale-hanovre-comme-serie-tele-mieux\" rel=\"nofollow noopener\" target=\"_blank\" class=\"c-link c-link--is-underlined\">Hanovre<\/a>. Le couple a eu une fille, Alexandra de Hanovre, en\u00a01999, avant de se s\u00e9parer dix ans plus tard.<\/p>\n<p><script async src=\"\/\/www.instagram.com\/embed.js\"><\/script><\/p>\n","protected":false},"excerpt":{"rendered":"Leur mariage n\u2019a dur\u00e9 que deux ans mais a durablement marqu\u00e9 les esprits. Caroline de Monaco n\u2019avait que&hellip;\n","protected":false},"author":2,"featured_media":652223,"comment_status":"","ping_status":"","sticky":false,"template":"","format":"standard","meta":{"footnotes":""},"categories":[1359],"tags":[3983,58,7681,59,1011,27,9471,1930,3127,973,971,133],"class_list":{"0":"post-652222","1":"post","2":"type-post","3":"status-publish","4":"format-standard","5":"has-post-thumbnail","7":"category-people","8":"tag-deces","9":"tag-divertissement","10":"tag-divorce","11":"tag-entertainment","12":"tag-fr","13":"tag-france","14":"tag-madrid","15":"tag-mariage","16":"tag-monaco","17":"tag-people","18":"tag-royaute","19":"tag-video"},"share_on_mastodon":{"url":"https:\/\/pubeurope.com\/@fr\/115866505317420275","error":""},"_links":{"self":[{"href":"https:\/\/www.europesays.com\/fr\/wp-json\/wp\/v2\/posts\/652222","targetHints":{"allow":["GET"]}}],"collection":[{"href":"https:\/\/www.europesays.com\/fr\/wp-json\/wp\/v2\/posts"}],"about":[{"href":"https:\/\/www.europesays.com\/fr\/wp-json\/wp\/v2\/types\/post"}],"author":[{"embeddable":true,"href":"https:\/\/www.europesays.com\/fr\/wp-json\/wp\/v2\/users\/2"}],"replies":[{"embeddable":true,"href":"https:\/\/www.europesays.com\/fr\/wp-json\/wp\/v2\/comments?post=652222"}],"version-history":[{"count":0,"href":"https:\/\/www.europesays.com\/fr\/wp-json\/wp\/v2\/posts\/652222\/revisions"}],"wp:featuredmedia":[{"embeddable":true,"href":"https:\/\/www.europesays.com\/fr\/wp-json\/wp\/v2\/media\/652223"}],"wp:attachment":[{"href":"https:\/\/www.europesays.com\/fr\/wp-json\/wp\/v2\/media?parent=652222"}],"wp:term":[{"taxonomy":"category","embeddable":true,"href":"https:\/\/www.europesays.com\/fr\/wp-json\/wp\/v2\/categories?post=652222"},{"taxonomy":"post_tag","embeddable":true,"href":"https:\/\/www.europesays.com\/fr\/wp-json\/wp\/v2\/tags?post=652222"}],"curies":[{"name":"wp","href":"https:\/\/api.w.org\/{rel}","templated":true}]}}