{"id":652224,"date":"2026-01-09T18:15:42","date_gmt":"2026-01-09T18:15:42","guid":{"rendered":"https:\/\/www.europesays.com\/fr\/652224\/"},"modified":"2026-01-09T18:15:42","modified_gmt":"2026-01-09T18:15:42","slug":"alternance-en-ecole-dart-une-formule-pas-si-neuve-qui-permet-aux-etudiants-de-se-former-en-entreprise","status":"publish","type":"post","link":"https:\/\/www.europesays.com\/fr\/652224\/","title":{"rendered":"Alternance en \u00e9cole d\u2019art : une formule pas si neuve qui permet aux \u00e9tudiants de se former en entreprise"},"content":{"rendered":"<p>\u00c0 la rentr\u00e9e 2024, l\u2019Esam Caen\/Cherbourg a ouvert <strong>un master design, cr\u00e9ation et projets de territoires en alternance.<\/strong> Il compte six \u00e9tudiantes issues de cursus en<a target=\"_self\" rel=\"noopener\" href=\"https:\/\/www.letudiant.fr\/etudes\/ecole-art\/ecoles-de-design-des-formations-et-des-etudiants-au-service-de-la-transition-ecologique.html\"> design,<\/a> art ou architecture qui suivent leur M2 en alternance. Elles se forment pendant 15 jours \u00e0 l\u2019\u00e9cole, puis trois semaines en entreprise, chez des employeurs\u00a0divers : agence d\u2019urbanisme,\u00a0association sp\u00e9cialis\u00e9e dans la transition \u00e9cologique, dans l\u2019urbanisme culturel, agence de d\u00e9veloppement \u00e9conomique\u2026<\/p>\n<p>\u00ab\u00a0Le d\u00e9faut que l\u2019on peut parfois avoir en \u00e9cole, c\u2019est de travailler sur des possibles, mais pas sur des r\u00e9alisations. <strong>Ces \u00e9tudiantes voulaient \u00eatre sur des projets concrets.<\/strong> L\u2019alternance les place dans une d\u00e9marche professionnelle\u00a0et leur permet de devenir en un an, tr\u00e8s op\u00e9rationnelles\u00a0\u00bb, souligne Brice Giacalone, enseignant \u00e0 l\u2019Esam et coordinateur du master. Une exp\u00e9rience qui sera forc\u00e9ment un atout sur le CV pour s\u2019ins\u00e9rer sur le march\u00e9 du travail. Autre int\u00e9r\u00eat de l\u2019alternance : le fait de pouvoir percevoir un salaire minimal, compris, pour un \u00e9tudiant en apprentissage \u00e2g\u00e9 de 21 \u00e0 26 ans, <a target=\"_blank\" rel=\"noopener\" href=\"https:\/\/www.letudiant.fr\/etudes\/alternance\/alternance-avec-la-hausse-du-smic-combien-gagnerez-vous.html\">entre 53 et 100% du Smic, soit 966 et 1.823 euros brut mensuels.<\/a><\/p>\n","protected":false},"excerpt":{"rendered":"\u00c0 la rentr\u00e9e 2024, l\u2019Esam Caen\/Cherbourg a ouvert un master design, cr\u00e9ation et projets de territoires en alternance.&hellip;\n","protected":false},"author":2,"featured_media":652225,"comment_status":"","ping_status":"","sticky":false,"template":"","format":"standard","meta":{"footnotes":""},"categories":[1358],"tags":[1348,1384,1385,1386,58,59,1011,27],"class_list":{"0":"post-652224","1":"post","2":"type-post","3":"status-publish","4":"format-standard","5":"has-post-thumbnail","7":"category-arts-et-design","8":"tag-arts","9":"tag-arts-and-design","10":"tag-arts-et-design","11":"tag-design","12":"tag-divertissement","13":"tag-entertainment","14":"tag-fr","15":"tag-france"},"share_on_mastodon":{"url":"https:\/\/pubeurope.com\/@fr\/115866509134003058","error":""},"_links":{"self":[{"href":"https:\/\/www.europesays.com\/fr\/wp-json\/wp\/v2\/posts\/652224","targetHints":{"allow":["GET"]}}],"collection":[{"href":"https:\/\/www.europesays.com\/fr\/wp-json\/wp\/v2\/posts"}],"about":[{"href":"https:\/\/www.europesays.com\/fr\/wp-json\/wp\/v2\/types\/post"}],"author":[{"embeddable":true,"href":"https:\/\/www.europesays.com\/fr\/wp-json\/wp\/v2\/users\/2"}],"replies":[{"embeddable":true,"href":"https:\/\/www.europesays.com\/fr\/wp-json\/wp\/v2\/comments?post=652224"}],"version-history":[{"count":0,"href":"https:\/\/www.europesays.com\/fr\/wp-json\/wp\/v2\/posts\/652224\/revisions"}],"wp:featuredmedia":[{"embeddable":true,"href":"https:\/\/www.europesays.com\/fr\/wp-json\/wp\/v2\/media\/652225"}],"wp:attachment":[{"href":"https:\/\/www.europesays.com\/fr\/wp-json\/wp\/v2\/media?parent=652224"}],"wp:term":[{"taxonomy":"category","embeddable":true,"href":"https:\/\/www.europesays.com\/fr\/wp-json\/wp\/v2\/categories?post=652224"},{"taxonomy":"post_tag","embeddable":true,"href":"https:\/\/www.europesays.com\/fr\/wp-json\/wp\/v2\/tags?post=652224"}],"curies":[{"name":"wp","href":"https:\/\/api.w.org\/{rel}","templated":true}]}}