{"id":652226,"date":"2026-01-09T18:17:11","date_gmt":"2026-01-09T18:17:11","guid":{"rendered":"https:\/\/www.europesays.com\/fr\/652226\/"},"modified":"2026-01-09T18:17:11","modified_gmt":"2026-01-09T18:17:11","slug":"pourquoi-vous-ne-mettez-pas-vos-lunettes-muriel-robin-reprend-yann-barthes-sur-le-plateau-de-quotidien","status":"publish","type":"post","link":"https:\/\/www.europesays.com\/fr\/652226\/","title":{"rendered":"Pourquoi vous ne mettez pas vos lunettes\u00a0?\u00a0\u00bb : Muriel Robin reprend Yann Barth\u00e8s sur le plateau de \u00ab\u00a0Quotidien"},"content":{"rendered":"<p class=\"ap-StoryElement ap-StoryElement--mb ap-StoryText\">Muriel Robin, Nordine Ganso, Tha\u00efs Vauqui\u00e8res, Ayumi Roux et Mika\u00ebl Mittelstadt \u00e9taient sur le plateau de \u00ab\u00a0Quotidien\u00a0\u00bb, ce jeudi 8 janvier 2026, afin de parler de la nouvelle saison de la s\u00e9rie Master Crimes, diffus\u00e9e sur TF1. Muriel Robin y incarne Louise, une professeure de psycho-criminologie.<\/p>\n<p class=\"ap-StoryElement ap-StoryElement--mb ap-StoryText\">D\u00e8s son arriv\u00e9e sur le plateau de l&rsquo;\u00e9mission, la com\u00e9dienne a repris Yann Barth\u00e8s, qui n&rsquo;arr\u00eatait pas de plisser les yeux, comme le rapporte T\u00e9l\u00e9 7 Jours. \u00ab\u00a0Pourquoi vous ne mettez pas vos lunettes ?\u00a0\u00bb, a-t-elle lanc\u00e9. Le journaliste a alors tent\u00e9 de lui r\u00e9pondre, mais l&rsquo;actrice l&rsquo;a imit\u00e9, plissant les yeux. Elle a alors lanc\u00e9 : \u00ab\u00a0Je vous vois comme \u00e7a\u2026 Tout vous va\u2026\u00a0\u00bb<\/p>\n","protected":false},"excerpt":{"rendered":"Muriel Robin, Nordine Ganso, Tha\u00efs Vauqui\u00e8res, Ayumi Roux et Mika\u00ebl Mittelstadt \u00e9taient sur le plateau de \u00ab\u00a0Quotidien\u00a0\u00bb, ce&hellip;\n","protected":false},"author":2,"featured_media":652227,"comment_status":"","ping_status":"","sticky":false,"template":"","format":"standard","meta":{"footnotes":""},"categories":[1356],"tags":[58,59,1011,27,44810,1404,6389,252,1364,1405],"class_list":{"0":"post-652226","1":"post","2":"type-post","3":"status-publish","4":"format-standard","5":"has-post-thumbnail","7":"category-television","8":"tag-divertissement","9":"tag-entertainment","10":"tag-fr","11":"tag-france","12":"tag-muriel","13":"tag-quotidien","14":"tag-robin","15":"tag-television","16":"tag-tv","17":"tag-yann-barthes"},"share_on_mastodon":{"url":"https:\/\/pubeurope.com\/@fr\/115866517103650386","error":""},"_links":{"self":[{"href":"https:\/\/www.europesays.com\/fr\/wp-json\/wp\/v2\/posts\/652226","targetHints":{"allow":["GET"]}}],"collection":[{"href":"https:\/\/www.europesays.com\/fr\/wp-json\/wp\/v2\/posts"}],"about":[{"href":"https:\/\/www.europesays.com\/fr\/wp-json\/wp\/v2\/types\/post"}],"author":[{"embeddable":true,"href":"https:\/\/www.europesays.com\/fr\/wp-json\/wp\/v2\/users\/2"}],"replies":[{"embeddable":true,"href":"https:\/\/www.europesays.com\/fr\/wp-json\/wp\/v2\/comments?post=652226"}],"version-history":[{"count":0,"href":"https:\/\/www.europesays.com\/fr\/wp-json\/wp\/v2\/posts\/652226\/revisions"}],"wp:featuredmedia":[{"embeddable":true,"href":"https:\/\/www.europesays.com\/fr\/wp-json\/wp\/v2\/media\/652227"}],"wp:attachment":[{"href":"https:\/\/www.europesays.com\/fr\/wp-json\/wp\/v2\/media?parent=652226"}],"wp:term":[{"taxonomy":"category","embeddable":true,"href":"https:\/\/www.europesays.com\/fr\/wp-json\/wp\/v2\/categories?post=652226"},{"taxonomy":"post_tag","embeddable":true,"href":"https:\/\/www.europesays.com\/fr\/wp-json\/wp\/v2\/tags?post=652226"}],"curies":[{"name":"wp","href":"https:\/\/api.w.org\/{rel}","templated":true}]}}