{"id":652230,"date":"2026-01-09T18:19:52","date_gmt":"2026-01-09T18:19:52","guid":{"rendered":"https:\/\/www.europesays.com\/fr\/652230\/"},"modified":"2026-01-09T18:19:52","modified_gmt":"2026-01-09T18:19:52","slug":"father-mother-sister-brother-jim-jarmusch-et-la-famille","status":"publish","type":"post","link":"https:\/\/www.europesays.com\/fr\/652230\/","title":{"rendered":"\u00ab\u00a0Father, Mother, Sister, Brother\u00a0\u00bb\u00a0: Jim Jarmusch et la famille"},"content":{"rendered":"<p class=\"PopSlotParagraph qg-tx2 qg-xtra-lh svelte-1r0pyek\">Un film ultra \u00e9pur\u00e9, minimaliste et tr\u00e8s juste qui raconte comme aucun autre la complexit\u00e9 des liens au sein des familles.<br \/>Ces moments de g\u00eane qu\u2019on a tous un jour \u00e9prouv\u00e9 quand on ne s\u2019est pas vu depuis longtemps, qu&rsquo;on ne sait pas tr\u00e8s bien quoi se raconter hormis des banalit\u00e9s ou parfois m\u00eame des mensonges..<\/p>\n<p class=\"PopSlotParagraph qg-tx2 qg-xtra-lh svelte-1r0pyek\">Dans le film,Tom Waits, p\u00e8re de famille\u00a0re\u00e7oit dans un immense capharna\u00fcm son fils Adam Driver et sa s\u0153ur Venus venus lui rendre visite apr\u00e8s de longs mois d\u2019absence&#8230;<\/p>\n<p class=\"PopSlotParagraph qg-tx2 qg-xtra-lh svelte-1r0pyek\">C&rsquo;est un film \u00e0 sketches centr\u00e9 cette fois sur la famille qui d\u00e9marre toujours de la m\u00eame mani\u00e8re, au volant d\u2019une voiture avant de s&rsquo;enfermer\u00a0dans le huis clos d\u2019un appartement ou d\u2019une maison pour observer \u00e0 la loupe les relations parents \/ enfants qui se nouent dans ces moments l\u00e0.<\/p>\n<p> Un film \u00e0 sketches, en triptyque<\/p>\n<p class=\"PopSlotParagraph qg-tx2 qg-xtra-lh svelte-1r0pyek\">Trois histoires qui n\u2019ont rien \u00e0 voir les unes avec les autres, tourn\u00e9es \u00e0 chaque fois dans des villes diff\u00e9rentes. A Dublin, on retrouve par exemple Charlotte Rampling, Vicky Krieps et Cate Blanchet pour un moment l\u00e0 encore rempli de non-dits, de gestes maladroits et d\u2019humour absurde. Avec toujours, ce petit c\u00f4t\u00e9 Beckett que Jim Jarmusch aime beaucoup\u00a0!<\/p>\n<p class=\"PopSlotParagraph qg-tx2 qg-xtra-lh svelte-1r0pyek\">Le film se termine \u00e0 Paris, un fr\u00e8re et une s\u0153ur cette fois-ci confront\u00e9s \u00e0 la disparition de leurs parents.<br \/>Il ne reste plus que des photos et quelques souvenirs dans l&rsquo;appartement parisien, et la gardienne Fran\u00e7oise Lebrun&#8230;. Clin d\u2019\u0153il de l\u2019\u00e9rudit Jim Jarmusch au cin\u00e9ma fran\u00e7ais et \u00e0 la com\u00e9dienne de la maman et la putain de Jean Eustache qui ont fait son \u00e9ducation cin\u00e9phile dans les ann\u00e9es 1970\u00a0 \u00e0 Paris, o\u00f9 il revient toujours.<\/p>\n<p class=\"qg-sr-only\" role=\"heading\" aria-level=\"3\">Pour voir ce contenu, acceptez les cookies.<\/p>\n<p class=\"ConsentNotice-description qg-tx3 svelte-m9wmt1\">Pour afficher ce contenu Youtube, vous devez accepter les cookies <b>Publicit\u00e9<\/b>.<br \/>Ces cookies permettent \u00e0 nos partenaires de vous proposer des publicit\u00e9s et des contenus personnalis\u00e9s en fonction de votre navigation, de votre profil et de vos centres d&rsquo;int\u00e9r\u00eat. <\/p>\n<p>  G\u00e9rer mes choix     J&rsquo;autorise  <\/p>\n","protected":false},"excerpt":{"rendered":"Un film ultra \u00e9pur\u00e9, minimaliste et tr\u00e8s juste qui raconte comme aucun autre la complexit\u00e9 des liens au&hellip;\n","protected":false},"author":2,"featured_media":652231,"comment_status":"","ping_status":"","sticky":false,"template":"","format":"standard","meta":{"footnotes":""},"categories":[1354],"tags":[58,59,1346,1011,27,1360],"class_list":{"0":"post-652230","1":"post","2":"type-post","3":"status-publish","4":"format-standard","5":"has-post-thumbnail","7":"category-films","8":"tag-divertissement","9":"tag-entertainment","10":"tag-films","11":"tag-fr","12":"tag-france","13":"tag-movies"},"share_on_mastodon":{"url":"https:\/\/pubeurope.com\/@fr\/115866528856459145","error":""},"_links":{"self":[{"href":"https:\/\/www.europesays.com\/fr\/wp-json\/wp\/v2\/posts\/652230","targetHints":{"allow":["GET"]}}],"collection":[{"href":"https:\/\/www.europesays.com\/fr\/wp-json\/wp\/v2\/posts"}],"about":[{"href":"https:\/\/www.europesays.com\/fr\/wp-json\/wp\/v2\/types\/post"}],"author":[{"embeddable":true,"href":"https:\/\/www.europesays.com\/fr\/wp-json\/wp\/v2\/users\/2"}],"replies":[{"embeddable":true,"href":"https:\/\/www.europesays.com\/fr\/wp-json\/wp\/v2\/comments?post=652230"}],"version-history":[{"count":0,"href":"https:\/\/www.europesays.com\/fr\/wp-json\/wp\/v2\/posts\/652230\/revisions"}],"wp:featuredmedia":[{"embeddable":true,"href":"https:\/\/www.europesays.com\/fr\/wp-json\/wp\/v2\/media\/652231"}],"wp:attachment":[{"href":"https:\/\/www.europesays.com\/fr\/wp-json\/wp\/v2\/media?parent=652230"}],"wp:term":[{"taxonomy":"category","embeddable":true,"href":"https:\/\/www.europesays.com\/fr\/wp-json\/wp\/v2\/categories?post=652230"},{"taxonomy":"post_tag","embeddable":true,"href":"https:\/\/www.europesays.com\/fr\/wp-json\/wp\/v2\/tags?post=652230"}],"curies":[{"name":"wp","href":"https:\/\/api.w.org\/{rel}","templated":true}]}}