{"id":652232,"date":"2026-01-09T18:20:16","date_gmt":"2026-01-09T18:20:16","guid":{"rendered":"https:\/\/www.europesays.com\/fr\/652232\/"},"modified":"2026-01-09T18:20:16","modified_gmt":"2026-01-09T18:20:16","slug":"encephalite-auto-immune-quels-sont-les-symptomes-les-plus-frequents","status":"publish","type":"post","link":"https:\/\/www.europesays.com\/fr\/652232\/","title":{"rendered":"Enc\u00e9phalite auto-immune : quels sont les sympt\u00f4mes les plus fr\u00e9quents ?"},"content":{"rendered":"<p>             <a href=\"https:\/\/ma-sante.news\/wp-content\/uploads\/2026\/01\/Confusions-perte-de-memoire-crises-Et-si-cetait-une-encephalite-auto-immune-Ma-Sante.jpg\" data-caption=\"L&#039;enc\u00e9phalite auto-immune touche majoritairement les jeunes femmes, mais peut aussi concerner les enfants, y compris tr\u00e8s jeunes. \u00a9 Freepik\" target=\"_blank\" rel=\"noopener\"><img loading=\"lazy\" decoding=\"async\" width=\"696\" height=\"463\" class=\"entry-thumb td-modal-image ewww_webp_lazy_load\" src=\"data:image\/svg+xml,%3Csvg%20xmlns=\" http:=\"\" data-lazy- data-lazy- alt=\"Une femme qui souffre de confusions et de perte de m\u00e9moire, laissant penser \u00e0 une enc\u00e9phalite auto-immune.\" title=\"Confusions perte de me\u0301moire crises Et si c\u2019e\u0301tait une ence\u0301phalite auto-immune Ma Sante\u0301\" data-lazy-src=\"https:\/\/www.europesays.com\/fr\/wp-content\/uploads\/2026\/01\/Confusions-perte-de-memoire-crises-Et-si-cetait-une-encephalite-auto-immune-Ma-Sante-696x463.jpg\" data-lazy-src-webp=\"https:\/\/www.europesays.com\/fr\/wp-content\/uploads\/2026\/01\/Confusions-perte-de-memoire-crises-Et-si-cetait-une-encephalite-auto-immune-Ma-Sante-696x463.jpg.webp\" data-lazy-srcset-webp=\"https:\/\/www.europesays.com\/fr\/wp-content\/uploads\/2026\/01\/Confusions-perte-de-memoire-crises-Et-si-cetait-une-encephalite-auto-immune-Ma-Sante-696x463.jpg.webp 696w, https:\/\/ma-sante.news\/wp-content\/uploads\/2026\/01\/Confusions-perte-de-memoire-crises-Et-si-cetait-une-encephalite-auto-immune-Ma-Sante-300x200.jpg.webp 300w, https:\/\/ma-sante.news\/wp-content\/uploads\/2026\/01\/Confusions-perte-de-memoire-crises-Et-si-cetait-une-encephalite-auto-immune-Ma-Sante-768x511.jpg.webp 768w, https:\/\/ma-sante.news\/wp-content\/uploads\/2026\/01\/Confusions-perte-de-memoire-crises-Et-si-cetait-une-encephalite-auto-immune-Ma-Sante-632x420.jpg.webp 632w, https:\/\/ma-sante.news\/wp-content\/uploads\/2026\/01\/Confusions-perte-de-memoire-crises-Et-si-cetait-une-encephalite-auto-immune-Ma-Sante.jpg.webp 800w\"\/><\/a>L&rsquo;enc\u00e9phalite auto-immune touche majoritairement les jeunes femmes, mais peut aussi concerner les enfants, y compris tr\u00e8s jeunes. \u00a9 Freepik                                    \t\t\t             <a class=\"gofollow\" data-track=\"MjgsMCw2MA==\" href=\"https:\/\/ma-sante.news\/inscrivez-vous-a-notre-newsletter\/\" target=\"_blank\" rel=\"noopener\"><img loading=\"lazy\" decoding=\"async\" width=\"1068\" height=\"131\" src=\"data:image\/svg+xml,%3Csvg%20xmlns=\" http:=\"\" data-lazy-src=\"https:\/\/www.europesays.com\/fr\/wp-content\/uploads\/2025\/03\/banniere-newsletter.png\"\/><\/a> <\/p>\n<p>L\u2019enc\u00e9phalite auto-immune est une inflammation du cerveau provoqu\u00e9e non par un virus ou une bact\u00e9rie, mais par le syst\u00e8me immunitaire lui-m\u00eame, qui se met \u00e0 produire des anticorps dirig\u00e9s contre des composants essentiels des neurones.<\/p>\n<p>Longtemps consid\u00e9r\u00e9e comme exceptionnelle, elle est aujourd\u2019hui mieux identifi\u00e9e, notamment gr\u00e2ce aux progr\u00e8s des tests immunologiques. Les neurologues parlent moins d\u2019une explosion des cas que d\u2019un rattrapage diagnostique.<\/p>\n<p>Selon plusieurs \u00e9tudes internationales, l\u2019incidence des enc\u00e9phalites auto-immunes est d\u00e9sormais comparable \u00e0 celle des enc\u00e9phalites infectieuses, avec une estimation allant de 0,8 \u00e0 1,2 cas pour 100 000 personnes par an.<\/p>\n<p>En France, ces pathologies font l\u2019objet de protocoles nationaux de diagnostic et de soins, notamment pour la forme la plus connue, l\u2019enc\u00e9phalite \u00e0 anticorps anti-NMDA, reconnue par la Haute Autorit\u00e9 de Sant\u00e9 comme une urgence diagnostique.<\/p>\n<p>        Enc\u00e9phalite auto-immune : de quoi parle-t-on exactement ?\u00a0    <strong>Enc\u00e9phalite auto-immune : des sympt\u00f4mes d\u00e9routants, parfois trompeurs<\/strong>    <\/p>\n<p>Ce qui rend l\u2019enc\u00e9phalite auto-immune si difficile \u00e0 rep\u00e9rer, c\u2019est la variabilit\u00e9 de ses manifestations. La maladie peut d\u00e9buter brutalement ou de mani\u00e8re insidieuse, et toucher \u00e0 la fois le corps\u2026 et l\u2019esprit. Les sympt\u00f4mes les plus fr\u00e9quemment rapport\u00e9s sont :<\/p>\n<ul class=\"wp-block-list\">\n<li><a href=\"https:\/\/ma-sante.news\/perte-de-memoire-quels-sont-les-signes-qui-alertent\/\" target=\"_blank\" rel=\"noopener\">des troubles de la m\u00e9moire<\/a> r\u00e9cents, parfois s\u00e9v\u00e8res,<\/li>\n<li>une confusion mentale, une d\u00e9sorientation,<\/li>\n<li>des d\u00e9lires, hallucinations ou troubles du comportement,<\/li>\n<li><a href=\"https:\/\/ma-sante.news\/epilepsie-comment-reconnaitre-les-premiers-symptomes\/\" target=\"_blank\" rel=\"noopener\">des convulsions ou crises d\u2019\u00e9pilepsie<\/a>,<\/li>\n<li>des mouvements anormaux, une agitation inexpliqu\u00e9e,<\/li>\n<li>parfois, un ralentissement ou une alt\u00e9ration de la conscience.<\/li>\n<\/ul>\n<p>Chez certains patients, notamment les plus jeunes, le tableau initial est avant tout psychiatrique. Il n\u2019est pas rare que les premiers soins aient lieu en psychiatrie, retardant le diagnostic neurologique.<\/p>\n<p>        <strong>L\u2019enc\u00e9phalite anti-NMDA : la forme la plus embl\u00e9matique<\/strong>    <\/p>\n<p>Parmi les enc\u00e9phalites auto-immunes, celle li\u00e9e aux anticorps anti-NMDA est la plus m\u00e9diatis\u00e9e et la mieux d\u00e9crite par les m\u00e9decins. Elle touche le plus souvent les enfants, les adolescents et les jeunes adultes, avec une pr\u00e9dominance f\u00e9minine marqu\u00e9e. La maladie d\u00e9bute fr\u00e9quemment par des troubles du comportement, de la m\u00e9moire ou des hallucinations, avant que n\u2019apparaissent des sympt\u00f4mes neurologiques plus francs, comme des convulsions ou une alt\u00e9ration de la conscience.<\/p>\n<p>Dans certains cas, cette enc\u00e9phalite est associ\u00e9e \u00e0 une tumeur b\u00e9nigne, le plus souvent un t\u00e9ratome ovarien. L\u2019ablation de cette tumeur fait alors pleinement partie du traitement, car elle permet de supprimer la source de stimulation du syst\u00e8me immunitaire et d\u2019am\u00e9liorer significativement l\u2019\u00e9volution de la maladie.<\/p>\n<p>Mais l\u2019enc\u00e9phalite auto-immune ne se r\u00e9sume pas \u00e0 cette seule forme. Il existe d\u2019autres variantes, moins connues du grand public, li\u00e9es \u00e0 diff\u00e9rents anticorps (LGI1, CASPR2, GAD65\u2026). Ces formes touchent davantage les personnes plus \u00e2g\u00e9es et se manifestent souvent de mani\u00e8re plus insidieuse. Elles peuvent ainsi imiter <a href=\"https:\/\/ma-sante.news\/alzheimer-mais-pourquoi-la-maladie-touche-de-plus-en-plus-de-monde\/\" target=\"_blank\" rel=\"noopener\">une maladie d\u2019Alzheimer d\u00e9butante<\/a>, avec des troubles de la m\u00e9moire progressifs, ou prendre l\u2019aspect d\u2019une \u00e9pilepsie atypique, compliquant encore le diagnostic.<\/p>\n<p>        Enc\u00e9phalite auto-immune : quand faut-il consulter ?\u00a0\u00a0    <strong>Comment pose-t-on le diagnostic ?<\/strong>    <\/p>\n<p>Il n\u2019existe pas un test unique, mais une enqu\u00eate m\u00e9dicale minutieuse. Le diagnostic repose sur un faisceau d\u2019arguments :<\/p>\n<ul class=\"wp-block-list\">\n<li>l\u2019analyse clinique d\u00e9taill\u00e9e<\/li>\n<li>une IRM c\u00e9r\u00e9brale, parfois normale au d\u00e9but<\/li>\n<li>un \u00e9lectroenc\u00e9phalogramme (EEG)<\/li>\n<li>surtout, une ponction lombaire, permettant de rechercher des anticorps sp\u00e9cifiques dans le liquide c\u00e9phalo-rachidien ou le sang<\/li>\n<\/ul>\n<p>Penser \u00e0 l\u2019enc\u00e9phalite auto-immune face \u00e0 un tableau neurologique ou psychiatrique inhabituel, rapidement \u00e9volutif ou r\u00e9sistant aux traitements classiques.<\/p>\n<p>        <strong>Enc\u00e9phalite auto-immune : des traitements efficaces\u2026 si l\u2019on agit t\u00f4t<\/strong>    <\/p>\n<p>Contrairement \u00e0 <a href=\"https:\/\/ma-sante.news\/maladies-neurodegeneratives-gare-aux-premiers-symptomes\/\" target=\"_blank\" rel=\"noopener\">certaines maladies neurod\u00e9g\u00e9n\u00e9ratives<\/a>, l\u2019enc\u00e9phalite auto-immune est potentiellement r\u00e9versible. Le traitement vise \u00e0 calmer la r\u00e9action immunitaire :<\/p>\n<ul class=\"wp-block-list\">\n<li>cortico\u00efdes \u00e0 fortes doses<\/li>\n<li>immunoglobulines intraveineuses<\/li>\n<li>\u00e9changes plasmatiques<\/li>\n<li>immunosuppresseurs en seconde ligne<\/li>\n<\/ul>\n<p>Dans la majorit\u00e9 des cas, une am\u00e9lioration est observ\u00e9e, parfois lente mais r\u00e9elle. Plus le traitement est initi\u00e9 pr\u00e9cocement, meilleur est le pronostic fonctionnel, notamment sur la m\u00e9moire et les capacit\u00e9s cognitives.<\/p>\n<blockquote class=\"wp-block-quote is-layout-flow wp-block-quote-is-layout-flow\">\n<p><strong>\u00c0 SAVOIR<\/strong><\/p>\n<p>M\u00eame apr\u00e8s une am\u00e9lioration, l\u2019enc\u00e9phalite auto-immune peut r\u00e9cidiver dans 10 \u00e0 20 % des cas. Un suivi neurologique r\u00e9gulier est donc indispensable, parfois sur plusieurs ann\u00e9es.\u00a0<\/p>\n<\/blockquote>\n<p>  <a class=\"gofollow\" data-track=\"MTIsMCw2MA==\" href=\"https:\/\/ma-sante.news\/annonceurs\/\" target=\"_blank\" rel=\"noopener\"><img loading=\"lazy\" decoding=\"async\" width=\"2560\" height=\"2133\" src=\"data:image\/svg+xml,%3Csvg%20xmlns=\" http:=\"\" data-lazy-src=\"https:\/\/www.europesays.com\/fr\/wp-content\/uploads\/2025\/03\/pub-annonceurs-4-scaled.jpg\"\/><\/a>    <img loading=\"lazy\" decoding=\"async\" width=\"755\" height=\"495\" src=\"data:image\/svg+xml,%3Csvg%20xmlns=\" http:=\"\" data-lazy-src=\"https:\/\/www.europesays.com\/fr\/wp-content\/uploads\/2025\/03\/Image1.jpg\" data-lazy-src-webp=\"https:\/\/www.europesays.com\/fr\/wp-content\/uploads\/2025\/03\/Image1.jpg.webp\" class=\"ewww_webp_lazy_load\"\/>Inscrivez-vous \u00e0 notre newsletter <br \/>Ma Sant\u00e9                      <\/p>\n","protected":false},"excerpt":{"rendered":"L&rsquo;enc\u00e9phalite auto-immune touche majoritairement les jeunes femmes, mais peut aussi concerner les enfants, y compris tr\u00e8s jeunes. \u00a9&hellip;\n","protected":false},"author":2,"featured_media":652233,"comment_status":"","ping_status":"","sticky":false,"template":"","format":"standard","meta":{"footnotes":""},"categories":[10],"tags":[1011,27,72,71,75607],"class_list":{"0":"post-652232","1":"post","2":"type-post","3":"status-publish","4":"format-standard","5":"has-post-thumbnail","7":"category-sante","8":"tag-fr","9":"tag-france","10":"tag-health","11":"tag-sante","12":"tag-troubles-mu00e9moire"},"share_on_mastodon":{"url":"https:\/\/pubeurope.com\/@fr\/115866529014960339","error":""},"_links":{"self":[{"href":"https:\/\/www.europesays.com\/fr\/wp-json\/wp\/v2\/posts\/652232","targetHints":{"allow":["GET"]}}],"collection":[{"href":"https:\/\/www.europesays.com\/fr\/wp-json\/wp\/v2\/posts"}],"about":[{"href":"https:\/\/www.europesays.com\/fr\/wp-json\/wp\/v2\/types\/post"}],"author":[{"embeddable":true,"href":"https:\/\/www.europesays.com\/fr\/wp-json\/wp\/v2\/users\/2"}],"replies":[{"embeddable":true,"href":"https:\/\/www.europesays.com\/fr\/wp-json\/wp\/v2\/comments?post=652232"}],"version-history":[{"count":0,"href":"https:\/\/www.europesays.com\/fr\/wp-json\/wp\/v2\/posts\/652232\/revisions"}],"wp:featuredmedia":[{"embeddable":true,"href":"https:\/\/www.europesays.com\/fr\/wp-json\/wp\/v2\/media\/652233"}],"wp:attachment":[{"href":"https:\/\/www.europesays.com\/fr\/wp-json\/wp\/v2\/media?parent=652232"}],"wp:term":[{"taxonomy":"category","embeddable":true,"href":"https:\/\/www.europesays.com\/fr\/wp-json\/wp\/v2\/categories?post=652232"},{"taxonomy":"post_tag","embeddable":true,"href":"https:\/\/www.europesays.com\/fr\/wp-json\/wp\/v2\/tags?post=652232"}],"curies":[{"name":"wp","href":"https:\/\/api.w.org\/{rel}","templated":true}]}}