{"id":652234,"date":"2026-01-09T18:21:11","date_gmt":"2026-01-09T18:21:11","guid":{"rendered":"https:\/\/www.europesays.com\/fr\/652234\/"},"modified":"2026-01-09T18:21:11","modified_gmt":"2026-01-09T18:21:11","slug":"les-lions-de-la-teranga-se-qualifient-pour-les-demi-finales-de-la-can-2025-apres-leur-courte-victoire-face-aux-aigles","status":"publish","type":"post","link":"https:\/\/www.europesays.com\/fr\/652234\/","title":{"rendered":"les Lions de la Teranga se qualifient pour les demi-finales de la CAN 2025 apr\u00e8s leur courte victoire face aux Aigles"},"content":{"rendered":"\n<p class=\"article__paragraph  \">Bienvenue dans ce direct consacr\u00e9 \u00e0 la premi\u00e8re affiche des quarts de finale de la Coupe d\u2019Afrique des nations 2025, opposant le Mali au S\u00e9n\u00e9gal.<\/p>\n<p class=\"article__paragraph  \"><strong>De quoi s\u2019agit-il\u00a0? <\/strong>De l\u2019affiche en apparence la plus d\u00e9s\u00e9quilibr\u00e9e de ces quarts de finale entre le S\u00e9n\u00e9gal, grand favori avec le Maroc, et le Mali, seule nation encore pr\u00e9sente \u00e0 n\u2019avoir jamais remport\u00e9 la CAN et qui n\u2019a pas gagn\u00e9 la moindre rencontre dans le tournoi \u2013 trois matchs nuls lors de la phase de groupes et un succ\u00e8s aux tirs au but en huiti\u00e8mes aux d\u00e9pens de la Tunisie.<\/p>\n<p class=\"article__paragraph  \"><strong>O\u00f9\u00a0? <\/strong>Au stade Ibn-Batouta, \u00e0 Tanger (Maroc).<\/p>\n<p class=\"article__paragraph  \"><strong>A quelle heure\u00a0?<\/strong> Coup d\u2019envoi \u00e0 17\u00a0heures.<\/p>\n<p class=\"article__paragraph  \"><strong>La composition (probable) des \u00e9quipes<\/strong>\u00a0:<\/p>\n<p class=\"article__paragraph  \">Diarra \u2013 H. Traor\u00e9, Diaby, O. Camara, Gassama \u2013 A. Haidara, L. Coulibaly, Dieng, Bissouma (cap.), M. Sangar\u00e9. \u2013\u00a0Sinayoko.<\/p>\n<p class=\"article__paragraph  \">S\u00e9lectionneur\u00a0: Tom Saintfiet.<\/p>\n<p class=\"article__paragraph  \">E. Mendy \u2013 Diatta, Koulibaly (cap.), Niakhat\u00e9, M. Diouf \u2013 Diarra, I. Gueye, P. Gueye \u2013 Ndiaye, H. Diallo, Man\u00e9.<\/p>\n<p class=\"article__paragraph  \">S\u00e9lectionneur\u00a0: Pape Thiaw.<\/p>\n<p class=\"article__paragraph  \"><strong>Qui arbitre\u00a0?<\/strong> Tom Abongile (Afrique du Sud).<\/p>\n<p class=\"article__paragraph  \"><strong>Qui anime le live\u00a0?<\/strong> Valentin Baudry et Louis Chahuneau animeront la rencontre, le live, et plus encore \u00e0 partir du Kop d\u2019Austerlitz.<\/p>\n<p class=\"article__paragraph  \"><strong>De quoi ne parlera-t-on pas\u00a0? <\/strong><a href=\"https:\/\/www.lemonde.fr\/planete\/article\/2026\/01\/07\/deforestation-les-deboisements-de-petites-parcelles-de-foret-tropicale-ont-un-impact-disproportionne-sur-le-climat_6660904_3244.html\" target=\"_blank\" rel=\"noopener\">De l\u2019impact disproportionn\u00e9 sur le climat des d\u00e9boisements de petites parcelles de for\u00eat tropicale<\/a><\/p>\n<p class=\"article__paragraph  \"><strong>Retrouvez tous <\/strong><a href=\"https:\/\/www.lemonde.fr\/afrique\/article\/2025\/12\/21\/can-2025-le-programme-le-calendrier-les-classements-et-les-resultats-des-matchs_6643059_3213.html\" target=\"_blank\" rel=\"noopener\">les r\u00e9sultats et toutes les affiches de la CAN<\/a><\/p>\n<p class=\"article__paragraph  \"><strong>Demandez le programme\u2026<\/strong> <a href=\"https:\/\/www.lemonde.fr\/football\/article\/2024\/06\/15\/les-prochains-lives-sport-du-monde_6157620_1616939.html\" target=\"_blank\" rel=\"noopener\">Les prochains directs sport du Monde<\/a><\/p>\n","protected":false},"excerpt":{"rendered":"Bienvenue dans ce direct consacr\u00e9 \u00e0 la premi\u00e8re affiche des quarts de finale de la Coupe d\u2019Afrique des&hellip;\n","protected":false},"author":2,"featured_media":652235,"comment_status":"","ping_status":"","sticky":false,"template":"","format":"standard","meta":{"footnotes":""},"categories":[9],"tags":[1011,27,60],"class_list":{"0":"post-652234","1":"post","2":"type-post","3":"status-publish","4":"format-standard","5":"has-post-thumbnail","7":"category-sports","8":"tag-fr","9":"tag-france","10":"tag-sports"},"share_on_mastodon":{"url":"https:\/\/pubeurope.com\/@fr\/115866532911497368","error":""},"_links":{"self":[{"href":"https:\/\/www.europesays.com\/fr\/wp-json\/wp\/v2\/posts\/652234","targetHints":{"allow":["GET"]}}],"collection":[{"href":"https:\/\/www.europesays.com\/fr\/wp-json\/wp\/v2\/posts"}],"about":[{"href":"https:\/\/www.europesays.com\/fr\/wp-json\/wp\/v2\/types\/post"}],"author":[{"embeddable":true,"href":"https:\/\/www.europesays.com\/fr\/wp-json\/wp\/v2\/users\/2"}],"replies":[{"embeddable":true,"href":"https:\/\/www.europesays.com\/fr\/wp-json\/wp\/v2\/comments?post=652234"}],"version-history":[{"count":0,"href":"https:\/\/www.europesays.com\/fr\/wp-json\/wp\/v2\/posts\/652234\/revisions"}],"wp:featuredmedia":[{"embeddable":true,"href":"https:\/\/www.europesays.com\/fr\/wp-json\/wp\/v2\/media\/652235"}],"wp:attachment":[{"href":"https:\/\/www.europesays.com\/fr\/wp-json\/wp\/v2\/media?parent=652234"}],"wp:term":[{"taxonomy":"category","embeddable":true,"href":"https:\/\/www.europesays.com\/fr\/wp-json\/wp\/v2\/categories?post=652234"},{"taxonomy":"post_tag","embeddable":true,"href":"https:\/\/www.europesays.com\/fr\/wp-json\/wp\/v2\/tags?post=652234"}],"curies":[{"name":"wp","href":"https:\/\/api.w.org\/{rel}","templated":true}]}}