{"id":652236,"date":"2026-01-09T18:22:12","date_gmt":"2026-01-09T18:22:12","guid":{"rendered":"https:\/\/www.europesays.com\/fr\/652236\/"},"modified":"2026-01-09T18:22:12","modified_gmt":"2026-01-09T18:22:12","slug":"disparition-de-philippe-junot-le-premier-amour-de-caroline-de-monaco","status":"publish","type":"post","link":"https:\/\/www.europesays.com\/fr\/652236\/","title":{"rendered":"Disparition de Philippe Junot, le premier amour de Caroline de Monaco"},"content":{"rendered":"<p>\n    Fils de Michel Junot, qui fut un adjoint de Jacques Chirac \u00e0 la mairie de Paris, le jeune homme se fait, dans les ann\u00e9es 70, une solide r\u00e9putation de s\u00e9ducteur. Il est mort \u00e0 85 ans le 8 janvier.<\/p>\n<p class=\"fig-paragraph\">Pour \u00e9crire les paroles de \u00ab Les playboys\u00a0\u00bb, l\u2019un des premiers succ\u00e8s de Jacques Dutronc, Jacques Lanzmann s\u2019\u00e9tait inspir\u00e9 d\u2019une jeunesse dor\u00e9e, dont la principale activit\u00e9 consistait \u00e0 passer d\u2019une table du drugstore des Champs-\u00c9lys\u00e9es \u00e0 celle d\u2019une discoth\u00e8que de Saint-Germain-des-Pr\u00e9s. Philippe Junot a v\u00e9cu cette p\u00e9riode en s\u00e9duisant bien des c\u0153urs. Fils de Michel Junot, qui fut un adjoint de\u00a0<a href=\"http:\/\/www.lefigaro.fr\/politique\/il-en-a-fait-sa-rampe-de-lancement-pour-la-presidentielle-en-1977-le-triomphe-inattendu-de-jacques-chirac-a-paris-20251229\" data-fig-type=\"Article\" data-gtm-custom-categorie=\"navigation\" data-gtm-custom-action=\"crossclick\" data-gtm-custom-label=\"Contextuel\" data-gtm-event=\"customEventSPE\" data-fig-domain=\"LEFIGARO\" target=\"_blank\" rel=\"noopener\">Jacques Chirac<\/a>\u00a0\u00e0 la mairie de Paris, le jeune homme se fait, dans les ann\u00e9es 70, une solide r\u00e9putation de s\u00e9ducteur.<\/p>\n<p class=\"fig-paragraph\">Un soir de 1977, chez Castel, le club le plus priv\u00e9 de Paris, son regard se tourne vers une porte d\u2019entr\u00e9e o\u00f9 vient d\u2019appara\u00eetre une tr\u00e8s belle jeune femme qu\u2019il reconna\u00eet aussit\u00f4t\u00a0:\u00a0<a href=\"http:\/\/madame.lefigaro.fr\/celebrites\/actu-people\/decorees-par-la-france-caroline-et-stephanie-de-monaco-reunies-sous-les-ors-du-palais-avec-leur-frere-albert-ii-et-leurs-enfants-20251008\" data-fig-type=\"Article\" data-gtm-custom-categorie=\"navigation\" data-gtm-custom-action=\"crossclick\" data-gtm-custom-label=\"Contextuel\" data-gtm-event=\"customEventSPE\" data-fig-domain=\"MADAME\" target=\"_blank\" rel=\"noopener\">la princesse Caroline de Monaco<\/a>. Elle pr\u00e9pare une licence en philosophie \u00e0 la Sorbonne, et s\u2019offre entre deux cours, des soir\u00e9es de f\u00eates avec des copains. Junot n\u2019h\u00e9site pas un instant. Il se dirige vers elle, se pr\u00e9sente et entame la conversation. C\u2019est ainsi que d\u00e9bute une idylle dont la presse ne va pas manquer de s\u2019emparer. Le couple multiplie les apparitions publiques, et des photos sont publi\u00e9es dans les magazines du monde entier. Les deux tourtereaux commencent \u00e0 parler fian\u00e7ailles et m\u00eame mariage. \u00c0 Monaco,\u00a0<a href=\"http:\/\/www.lefigaro.fr\/culture\/le-rocher-meurtrier-les-derniers-secrets-de-l-accident-tragique-de-la-princesse-grace-de-monaco-20250729\" data-fig-type=\"Article\" data-gtm-custom-categorie=\"navigation\" data-gtm-custom-action=\"crossclick\" data-gtm-custom-label=\"Contextuel\" data-gtm-event=\"customEventSPE\" data-fig-domain=\"LEFIGARO\" target=\"_blank\" rel=\"noopener\">la Princesse Grace<\/a>\u00a0et le Prince Rainier ne se montrent gu\u00e8re enthousiastes \u00e0 cette id\u00e9e. Les informations sur leur futur gendre les inqui\u00e8tent m\u00eame. Ils sont loin d\u2019\u00eatre convaincus que la promesse de jurer fid\u00e9lit\u00e9 \u00e0 sa femme sera tenue. Le souverain ne m\u00e2che pas ses mots\u00a0: il ne veut pas, pour sa fille a\u00een\u00e9e, d\u2019un \u00ab homme du commun qui vit de tout et de rien\u00a0\u00bb.<\/p>\n<p>                                            <a class=\"fig-a11y-skip\" href=\"#fig-a11y-skip-main-inarticle\" data-module=\"a11y-skip\" data-context=\"was @visible\"><br \/>\n    Passer la publicit\u00e9<br \/>\n<\/a>            <\/p>\n<p>                                            Le conte de f\u00e9es vire au cauchemar<\/p>\n<p class=\"fig-paragraph\">Princesse rebelle dans l\u2019\u00e2me, Caroline refuse de les \u00e9couter. Profond\u00e9ment amoureuse, elle est convaincue d\u2019avoir rencontr\u00e9 l\u2019homme de sa vie. Les parents finissent par baisser les bras, et donnent leur feu vert \u00e0 des fian\u00e7ailles dont l\u2019annonce officielle, le 25 ao\u00fbt 1977, est accompagn\u00e9e d\u2019une photo de famille dans les jardins du palais de Monaco. L\u2019union civile, le 29 juin 1978 est suivie, le lendemain d\u2019un mariage religieux, dans la plus stricte intimit\u00e9. La jeune \u00e9pouse appara\u00eet resplendissante, sourire aux l\u00e8vres, dans une robe de tulle blanc, de\u00a0<a href=\"http:\/\/www.lefigaro.fr\/200ans\/a-l-epoque-christian-dior-avait-besoin-de-travailler-les-vrais-debuts-de-l-inventeur-du-new-look-dans-les-colonnes-du-figaro-20251128\" data-fig-type=\"Article\" data-gtm-custom-categorie=\"navigation\" data-gtm-custom-action=\"crossclick\" data-gtm-custom-label=\"Contextuel\" data-gtm-event=\"customEventSPE\" data-fig-domain=\"LEFIGARO\" target=\"_blank\" rel=\"noopener\">Christian Dior<\/a>. H\u00e9las, le conte de f\u00e9es va rapidement virer au cauchemar. Le jeune mari\u00e9 multiplie les coups de canif dans le contrat. Son \u00e9pouse est mise au courant. Les disputes se terminent par un divorce, prononc\u00e9 le 9 octobre 1980.<\/p>\n<p class=\"fig-paragraph\">Caroline entreprend alors des d\u00e9marches au Vatican avec l\u2019espoir d\u2019une annulation du mariage. Jean-Paul II va la lui accorder en 1992 . Entretemps, Philippe Junot a discr\u00e8tement refait sa vie. Devenu courtier en valeurs mobili\u00e8res, et promoteur immobilier, il va \u00eatre l\u2019une des victimes des escroqueries dans les placements, commises par\u00a0<a href=\"http:\/\/www.lefigaro.fr\/flash-eco\/mort-de-bernie-madoff-auteur-de-la-plus-grande-escroquerie-financiere-de-l-histoire-20210414\" data-fig-type=\"NewsFlash\" data-gtm-custom-categorie=\"navigation\" data-gtm-custom-action=\"crossclick\" data-gtm-custom-label=\"Contextuel\" data-gtm-event=\"customEventSPE\" data-fig-domain=\"LEFIGARO\" target=\"_blank\" rel=\"noopener\">Bernard Madoff<\/a>. Install\u00e9 en Espagne o\u00f9 il a continu\u00e9 \u00e0 mener une vie mondaine, en particulier \u00e0 Marbella, il s\u2019est mari\u00e9 \u00e0 deux reprises, et a eu trois enfants . En 2022, Isabelle, l\u2019une de ses filles, a \u00e9pous\u00e9 un noble espagnol, le marquis de Cubas. L\u2019occasion de l\u2019une de ses ultimes apparitions publiques.<\/p>\n","protected":false},"excerpt":{"rendered":"Fils de Michel Junot, qui fut un adjoint de Jacques Chirac \u00e0 la mairie de Paris, le jeune&hellip;\n","protected":false},"author":2,"featured_media":652237,"comment_status":"","ping_status":"","sticky":false,"template":"","format":"standard","meta":{"footnotes":""},"categories":[8],"tags":[40242,58,59,1011,27],"class_list":{"0":"post-652236","1":"post","2":"type-post","3":"status-publish","4":"format-standard","5":"has-post-thumbnail","7":"category-divertissement","8":"tag-caroline-de-monaco","9":"tag-divertissement","10":"tag-entertainment","11":"tag-fr","12":"tag-france"},"share_on_mastodon":{"url":"https:\/\/pubeurope.com\/@fr\/115866536940728519","error":""},"_links":{"self":[{"href":"https:\/\/www.europesays.com\/fr\/wp-json\/wp\/v2\/posts\/652236","targetHints":{"allow":["GET"]}}],"collection":[{"href":"https:\/\/www.europesays.com\/fr\/wp-json\/wp\/v2\/posts"}],"about":[{"href":"https:\/\/www.europesays.com\/fr\/wp-json\/wp\/v2\/types\/post"}],"author":[{"embeddable":true,"href":"https:\/\/www.europesays.com\/fr\/wp-json\/wp\/v2\/users\/2"}],"replies":[{"embeddable":true,"href":"https:\/\/www.europesays.com\/fr\/wp-json\/wp\/v2\/comments?post=652236"}],"version-history":[{"count":0,"href":"https:\/\/www.europesays.com\/fr\/wp-json\/wp\/v2\/posts\/652236\/revisions"}],"wp:featuredmedia":[{"embeddable":true,"href":"https:\/\/www.europesays.com\/fr\/wp-json\/wp\/v2\/media\/652237"}],"wp:attachment":[{"href":"https:\/\/www.europesays.com\/fr\/wp-json\/wp\/v2\/media?parent=652236"}],"wp:term":[{"taxonomy":"category","embeddable":true,"href":"https:\/\/www.europesays.com\/fr\/wp-json\/wp\/v2\/categories?post=652236"},{"taxonomy":"post_tag","embeddable":true,"href":"https:\/\/www.europesays.com\/fr\/wp-json\/wp\/v2\/tags?post=652236"}],"curies":[{"name":"wp","href":"https:\/\/api.w.org\/{rel}","templated":true}]}}