{"id":652238,"date":"2026-01-09T18:23:13","date_gmt":"2026-01-09T18:23:13","guid":{"rendered":"https:\/\/www.europesays.com\/fr\/652238\/"},"modified":"2026-01-09T18:23:13","modified_gmt":"2026-01-09T18:23:13","slug":"nvidia-aurait-il-lache-laffaire-avec-les-rtx-50-super-une-nouvelle-fuite-semble-le-confirmer-frandroid","status":"publish","type":"post","link":"https:\/\/www.europesays.com\/fr\/652238\/","title":{"rendered":"Nvidia aurait-il l\u00e2ch\u00e9 l&rsquo;affaire avec les RTX 50 Super ? Une nouvelle fuite semble le confirmer \u2014 Frandroid"},"content":{"rendered":"<p>La sortie des GeForce RTX 50 Super semble compromise alors que Nvidia aurait indiqu\u00e9 \u00e0 ses partenaires que la gamme a \u00e9t\u00e9 \u00ab\u00a0ind\u00e9finiement\u00a0\u00bb retard\u00e9e.<\/p>\n<p><a href=\"https:\/\/images.frandroid.com\/wp-content\/uploads\/2024\/12\/nvidia-geforce-rtx-4080-super-hero-1200x800-1.jpeg\" target=\"_blank\" class=\"article-content__figure\" rel=\"noopener\"><img fetchpriority=\"high\" decoding=\"async\" loading=\"eager\" width=\"1200\" height=\"800\" src=\"https:\/\/www.europesays.com\/fr\/wp-content\/uploads\/2026\/01\/nvidia-geforce-rtx-4080-super-hero-1200x800-1.jpeg\" alt=\"\" class=\"wp-image-2452592 wp-image wp-image\"  \/><\/a>La RTX 5080 Super \/\/ Source : Chloe Pertuis pour Frandroid<\/p>\n<p>Nvidia n\u2019a pas annonc\u00e9 de nouvelles <a href=\"https:\/\/www.frandroid.com\/guide-dachat\/guides-dachat-gaming\/815386_meilleures-cartes-graphiques\" target=\"_blank\" rel=\"noopener\">cartes graphiques<\/a> au CES 2026, alors que le calendrier pr\u00e9voit traditionnellement l\u2019arriv\u00e9e de mod\u00e8les Super pour l\u2019architecture introduite l\u2019ann\u00e9e pr\u00e9c\u00e9dente.<\/p>\n<p>En r\u00e9alit\u00e9, des rumeurs ces derniers mois \u00e9voquaient d\u00e9j\u00e0 <a href=\"https:\/\/www.frandroid.com\/marques\/nvidia\/2859519_pourquoi-la-sortie-des-geforce-rtx-super-est-encore-incertaine\" target=\"_blank\" rel=\"noopener\">un certain retard pour cette gamme de GPU<\/a>, dont les am\u00e9liorations auraient port\u00e9 sur la quantit\u00e9 de m\u00e9moire vid\u00e9o ou encore les fr\u00e9quences d\u2019horloge.<\/p>\n<p>Mais <a href=\"https:\/\/www.frandroid.com\/produits-android\/2912661_hausse-des-prix-delais-rallonges-et-penurie-tout-ce-quil-faut-comprendre-de-la-crise-de-la-ram\" target=\"_blank\" rel=\"noopener\">la crise de la RAM<\/a> n\u2019aidant pas, les projets de Nvidia auraient \u00e9t\u00e9 mis \u00e0 mal, la firme voulant se concentrer sur ses puces \u00e0 destination des centres de donn\u00e9es. Une nouvelle fuite, nous venant du forum Board Channel, va m\u00eame plus loin.<\/p>\n<p class=\"shortcode-container see-more\">\n    Pour aller plus loin<br \/><a href=\"https:\/\/www.frandroid.com\/marques\/nvidia\/2934599_nvidia-on-a-deja-une-petite-idee-de-la-date-de-sortie-des-rtx-60\" target=\"_blank\" rel=\"noopener\">Nvidia : on a d\u00e9j\u00e0 une petite id\u00e9e de la date de sortie des RTX 60<\/a>\n            <\/p>\n<p>Les RTX 50 Super retard\u00e9es \u00ab\u00a0ind\u00e9finiement\u00a0\u00bb ?<\/p>\n<p>Cit\u00e9e par <a href=\"https:\/\/videocardz.com\/newz\/geforce-rtx-50-super-release-reportedly-put-on-hold\" target=\"_blank\" rel=\"noopener\">VideoCardz<\/a>, une source \u00e9manant de <a href=\"http:\/\/www.boardchannels.com.cn\/thread-130321-1-1.html\" target=\"_blank\" rel=\"noopener\">Board Channel<\/a> affirme que Nvidia a bien inform\u00e9 ses partenaires (Asus, MSI, PNY, etc.) que la sortie de la gamme RTX 50 Super \u00ab serait retard\u00e9e ind\u00e9finiment \u00bb.<\/p>\n<p>L\u2019absence des GPU au CES, mais aussi d\u2019\u00e9ventuelles informations issues des cha\u00eenes de production semble bien confirmer la mauvaise nouvelle. La conjoncture actuelle ne semble pas propice au lancement de nouvelles cartes graphiques, mais une autre donn\u00e9e est \u00e9voqu\u00e9e par la fuite : AMD n\u2019aurait encore rien pr\u00e9vu en 2026.<\/p>\n<p>Nvidia a donc le champ libre pour rester dans la course avec ses RTX 50, sachant que les hausses de prix concerneront toutes les marques et tous les constructeurs. On s\u2019attend cependant \u00e0 ce que la situation \u00e9volue l\u2019ann\u00e9e prochaine niveau GPU avec les deux nouvelles architectures de Nvidia et AMD : Rubin et RDNA5 respectivement. <\/p>\n<p>D\u2019ici l\u00e0, profitez de votre carte graphique actuelle, elle n\u2019aura tr\u00e8s certainement pas de rempla\u00e7ante avant un long moment.<\/p>\n","protected":false},"excerpt":{"rendered":"La sortie des GeForce RTX 50 Super semble compromise alors que Nvidia aurait indiqu\u00e9 \u00e0 ses partenaires que&hellip;\n","protected":false},"author":2,"featured_media":652239,"comment_status":"","ping_status":"","sticky":false,"template":"","format":"standard","meta":{"footnotes":""},"categories":[7],"tags":[1011,27,43,40,41,39,42,44],"class_list":{"0":"post-652238","1":"post","2":"type-post","3":"status-publish","4":"format-standard","5":"has-post-thumbnail","7":"category-sciences-et-technologies","8":"tag-fr","9":"tag-france","10":"tag-science","11":"tag-science-and-technology","12":"tag-sciences","13":"tag-sciences-et-technologies","14":"tag-technologies","15":"tag-technology"},"share_on_mastodon":{"url":"https:\/\/pubeurope.com\/@fr\/115866540839571659","error":""},"_links":{"self":[{"href":"https:\/\/www.europesays.com\/fr\/wp-json\/wp\/v2\/posts\/652238","targetHints":{"allow":["GET"]}}],"collection":[{"href":"https:\/\/www.europesays.com\/fr\/wp-json\/wp\/v2\/posts"}],"about":[{"href":"https:\/\/www.europesays.com\/fr\/wp-json\/wp\/v2\/types\/post"}],"author":[{"embeddable":true,"href":"https:\/\/www.europesays.com\/fr\/wp-json\/wp\/v2\/users\/2"}],"replies":[{"embeddable":true,"href":"https:\/\/www.europesays.com\/fr\/wp-json\/wp\/v2\/comments?post=652238"}],"version-history":[{"count":0,"href":"https:\/\/www.europesays.com\/fr\/wp-json\/wp\/v2\/posts\/652238\/revisions"}],"wp:featuredmedia":[{"embeddable":true,"href":"https:\/\/www.europesays.com\/fr\/wp-json\/wp\/v2\/media\/652239"}],"wp:attachment":[{"href":"https:\/\/www.europesays.com\/fr\/wp-json\/wp\/v2\/media?parent=652238"}],"wp:term":[{"taxonomy":"category","embeddable":true,"href":"https:\/\/www.europesays.com\/fr\/wp-json\/wp\/v2\/categories?post=652238"},{"taxonomy":"post_tag","embeddable":true,"href":"https:\/\/www.europesays.com\/fr\/wp-json\/wp\/v2\/tags?post=652238"}],"curies":[{"name":"wp","href":"https:\/\/api.w.org\/{rel}","templated":true}]}}