{"id":652242,"date":"2026-01-09T18:25:15","date_gmt":"2026-01-09T18:25:15","guid":{"rendered":"https:\/\/www.europesays.com\/fr\/652242\/"},"modified":"2026-01-09T18:25:15","modified_gmt":"2026-01-09T18:25:15","slug":"iran-le-pouvoir-ne-reculera-pas-face-aux-manifestations-avertit-khamenei-09-01-2026-a-1903","status":"publish","type":"post","link":"https:\/\/www.europesays.com\/fr\/652242\/","title":{"rendered":"Iran: le pouvoir ne \u00ab\u00a0reculera pas\u00a0\u00bb face aux manifestations, avertit Khamenei &#8211; 09\/01\/2026 \u00e0 19:03"},"content":{"rendered":"<p>        <img decoding=\"async\" src=\"https:\/\/www.europesays.com\/fr\/wp-content\/uploads\/2026\/01\/971fe2616c51d28ec6414f6a9178651e-760x507.jpg\" alt=\"Le guide supr\u00eame iranien, l'ayatollah Ali Khamenei, le 20 octobre 2025 \u00e0 T\u00e9h\u00e9ran  ( KHAMENEI.IR \/ - )\" loading=\"eager\" fetchpriority=\"high\" width=\"760\" height=\"507\" style=\"max-width: 100%!important; height: auto;\"\/><\/p>\n<p class=\"c-image-news__legend\">Le guide supr\u00eame iranien, l&rsquo;ayatollah Ali Khamenei, le 20 octobre 2025 \u00e0 T\u00e9h\u00e9ran  ( KHAMENEI.IR \/ &#8211; )<\/p>\n<p>\n Le guide supr\u00eame iranien, l&rsquo;ayatollah Ali Khamenei, a averti vendredi que son pays ne \u00ab\u00a0reculerait pas\u00a0\u00bb face \u00e0 une vague de contestation qui prend de l&rsquo;ampleur et d\u00e9fie la R\u00e9publique islamique, en place depuis 1979.\n<\/p>\n<p>\n \u00ab\u00a0Mort au dictateur\u00a0\u00bb: dans les rues de T\u00e9h\u00e9ran et d&rsquo;autres grandes villes, des Iraniens r\u00e9clament d\u00e9sormais ouvertement la fin de cette th\u00e9ocratie chiite, apr\u00e8s 13 jours d&rsquo;un mouvement initialement li\u00e9 au co\u00fbt de la vie.\n<\/p>\n<p>\n Au moins 51 manifestants, dont neuf enfants, ont \u00e9t\u00e9 tu\u00e9s et des centaines d&rsquo;autres bless\u00e9s \u00e0 travers l&rsquo;Iran depuis le d\u00e9but le 28 d\u00e9cembre de la contestation, a d\u00e9nombr\u00e9 vendredi l&rsquo;ONG Iran Human Rights, bas\u00e9e en Norv\u00e8ge.\n<\/p>\n<p>\n Devant ses partisans scandant en \u00e9cho \u00ab\u00a0mort \u00e0 l&rsquo;Am\u00e9rique\u00a0\u00bb, Ali Khamenei a adopt\u00e9 un ton offensif, dans un discours diffus\u00e9 par la t\u00e9l\u00e9vision d&rsquo;Etat.\n<\/p>\n<p>\n \u00ab\u00a0La R\u00e9publique islamique ne reculera pas face aux saboteurs\u00a0\u00bb, a-t-il lanc\u00e9, d\u00e9non\u00e7ant la destruction la veille \u00e0 T\u00e9h\u00e9ran d&rsquo;un b\u00e2timent par \u00ab\u00a0une bande de vandales\u00a0\u00bb.\n<\/p>\n<\/p>\n<p>\n Ce discours est intervenu au lendemain d&rsquo;importantes manifestations \u00e0 T\u00e9h\u00e9ran, alors qu&rsquo;internet, coup\u00e9 jeudi dans tout le pays, demeurait inaccessible 24 heures plus tard, avec une connectivit\u00e9 \u00ab\u00a0r\u00e9duite \u00e0 1% de son niveau habituel\u00a0\u00bb, d&rsquo;apr\u00e8s l&rsquo;ONG de surveillance de la cybers\u00e9curit\u00e9 Netblocks.\n<\/p>\n<p>\n Des images v\u00e9rifi\u00e9es par l&rsquo;AFP montrent notamment des foules de personnes \u00e0 pied \u00e0 T\u00e9h\u00e9ran d\u00e9fiant jeudi soir le pouvoir et des automobilistes klaxonnant en soutien au mouvement.\n<\/p>\n<p>\n Dans le m\u00eame temps, la t\u00e9l\u00e9vision iranienne a diffus\u00e9 vendredi des images de milliers de personnes participant \u00e0 des contre-manifestations et clamant des slogans favorables aux autorit\u00e9s.\n<\/p>\n<p>\n Elle a aussi montr\u00e9 les d\u00e9g\u00e2ts caus\u00e9s selon elle par les protestataires, citant le maire de T\u00e9h\u00e9ran selon lequel plus de 42 bus, v\u00e9hicules publics et ambulances ont \u00e9t\u00e9 incendi\u00e9s, ainsi que 10 b\u00e2timents officiels.\n<\/p>\n<p> &#8211; Trump sera \u00ab\u00a0renvers\u00e9\u00a0\u00bb &#8211;<\/p>\n<p>        <img decoding=\"async\" src=\"https:\/\/www.europesays.com\/fr\/wp-content\/uploads\/2026\/01\/bb1d107cb8d9a8556d66c91a315a0867-760x506.jpg\" alt=\"Le chef de la diplomatie iranienne, Abbas Araghchi, le 9 janvier 2026 \u00e0 Beurouth, au Liban ( AFP \/ JOSEPH EID )\" loading=\"eager\" fetchpriority=\"high\" width=\"760\" height=\"506\" style=\"max-width: 100%!important; height: auto;\"\/><\/p>\n<p class=\"c-image-news__legend\">Le chef de la diplomatie iranienne, Abbas Araghchi, le 9 janvier 2026 \u00e0 Beurouth, au Liban ( AFP \/ JOSEPH EID )<\/p>\n<p>\n Les Gardiens de la r\u00e9volution, l&rsquo;arm\u00e9e id\u00e9ologique de l&rsquo;Iran, a jug\u00e9 la situation \u00ab\u00a0inacceptable\u00a0\u00bb, promettant de prot\u00e9ger la R\u00e9volution islamique. Et le pouvoir judiciaire a averti vendredi que la punition des \u00ab\u00a0\u00e9meutiers\u00a0\u00bb serait \u00ab\u00a0maximale\u00a0\u00bb.\n<\/p>\n<p>\n Un procureur du district de la ville d&rsquo;Esfarayen, dans l&rsquo;est de l&rsquo;Iran, ainsi que plusieurs membres des forces de s\u00e9curit\u00e9 ont \u00e9t\u00e9 tu\u00e9s jeudi soir lors de manifestations, selon le pouvoir judiciaire.\n<\/p>\n<p>\n Le chef de la diplomatie iranienne Abbas Araghchi, en visite au Liban, a accus\u00e9 vendredi les Etats-Unis et Isra\u00ebl d&rsquo;ing\u00e9rence dans le mouvement de contestation, tout en \u00e9cartant la possibilit\u00e9 d&rsquo;une intervention militaire \u00e9trang\u00e8re.\n<\/p>\n<p>\n Pour l&rsquo;ayatollah Khamenei, \u00ab\u00a0l&rsquo;arrogant\u00a0\u00bb Donald Trump sera \u00ab\u00a0renvers\u00e9\u00a0\u00bb.\n<\/p>\n<\/p>\n<p>\n Il a accus\u00e9 le pr\u00e9sident am\u00e9ricain d&rsquo;avoir les mains \u00ab\u00a0tach\u00e9es du sang de plus d&rsquo;un millier d&rsquo;Iraniens\u00a0\u00bb, dans une r\u00e9f\u00e9rence apparente \u00e0 la guerre de 12 jours d\u00e9clench\u00e9e en juin par Isra\u00ebl et \u00e0 laquelle les Etats-Unis s&rsquo;\u00e9taient associ\u00e9s.\n<\/p>\n<p>\n La veille, M. Trump avait de nouveau menac\u00e9 de \u00ab\u00a0frapper tr\u00e8s fort\u00a0\u00bb l&rsquo;Iran si les autorit\u00e9s r\u00e9agissaient en tuant des manifestants.\n<\/p>\n<p>\n Le pr\u00e9sident am\u00e9ricain a m\u00eame avanc\u00e9 vendredi que l&rsquo;ayatollah Khamenei chercherait \u00e0 quitter le pays, affirmant: \u00ab\u00a0il cherche \u00e0 aller quelque part\u00a0\u00bb.\n<\/p>\n<p> &#8211; \u00ab\u00a0Peur de son peuple\u00a0\u00bb &#8211;<\/p>\n<p>        <img decoding=\"async\" src=\"https:\/\/www.europesays.com\/fr\/wp-content\/uploads\/2026\/01\/11ad9007b01752e391bc4de2bc0094fd-760x506.jpg\" alt=\"Le fils de l'ancien chah et figure de l'opposition iranienne Reza Pahlavi, \u00e0 Paris le 23 juin 2025 ( AFP \/ JOEL SAGET )\" loading=\"eager\" fetchpriority=\"high\" width=\"760\" height=\"506\" style=\"max-width: 100%!important; height: auto;\"\/><\/p>\n<p class=\"c-image-news__legend\">Le fils de l&rsquo;ancien chah et figure de l&rsquo;opposition iranienne Reza Pahlavi, \u00e0 Paris le 23 juin 2025 ( AFP \/ JOEL SAGET )<\/p>\n<p>\n Le fils de l&rsquo;ancien chah et figure de l&rsquo;opposition en exil aux Etats-Unis, Reza Pahlavi, a demand\u00e9 vendredi \u00e0 Donald Trump d&rsquo;intervenir sans tarder en Iran.\n<\/p>\n<p>\n Il avait auparavant appel\u00e9 les Iraniens \u00e0 une nouvelle d\u00e9monstration de force dans les rues pour \u00ab\u00a0affaiblir davantage le pouvoir r\u00e9pressif du r\u00e9gime\u00a0\u00bb.\n<\/p>\n<p>\n Ces manifestations sont les plus importantes en Iran depuis celles survenues apr\u00e8s la mort en 2022 de Mahsa Amini, arr\u00eat\u00e9e pour avoir enfreint le strict code vestimentaire f\u00e9minin.\n<\/p>\n<p>\n Elles \u00e9clatent au moment o\u00f9 le pays est affaibli apr\u00e8s la guerre avec Isra\u00ebl et les coups port\u00e9s \u00e0 plusieurs de ses alli\u00e9s r\u00e9gionaux, tandis que l&rsquo;ONU a r\u00e9tabli en septembre des sanctions li\u00e9es au programme nucl\u00e9aire iranien.\n<\/p>\n<p>\n Des ONG ont accus\u00e9 les autorit\u00e9s d&rsquo;avoir ouvert le feu sur des manifestants.\n<\/p>\n<p>\n Carabines \u00e0 plomb, canons \u00e0 eau, gaz lacrymog\u00e8ne et coups: dans un communiqu\u00e9 commun, Amnesty International et Human Rights Watch (HRW) ont d\u00e9nonc\u00e9 les m\u00e9thodes utilis\u00e9es \u00ab\u00a0pour disperser, intimider et punir des manifestants largement pacifiques\u00a0\u00bb, y voyant \u00ab\u00a0une politique d&rsquo;Etat bien ancr\u00e9e\u00a0\u00bb.\n<\/p>\n<p>\n Selon le groupe de d\u00e9fense des droits humains Haalvsh, qui \u00e9voque un nombre ind\u00e9termin\u00e9 de victimes, des manifestants ont \u00e9t\u00e9 pris pour cible \u00e0 Zahedan (sud-est) apr\u00e8s la pri\u00e8re du vendredi.\n<\/p>\n<p>\n La France a appel\u00e9 les autorit\u00e9s iraniennes \u00ab\u00a0\u00e0 la plus grande retenue\u00a0\u00bb dans leur r\u00e9ponse \u00e0 ce mouvement. L&rsquo;UE a condamn\u00e9 une violence \u00ab\u00a0inacceptable\u00a0\u00bb et d\u00e9nonc\u00e9 la coupure d&rsquo;internet, signe d&rsquo;un \u00ab\u00a0r\u00e9gime qui a peur de son peuple\u00a0\u00bb.\n<\/p>\n<p>\n Le Haut-Commissaire des Nations unies pour les droits de l&rsquo;homme, Volker T\u00fcrk, a r\u00e9clam\u00e9 vendredi une enqu\u00eate \u00ab\u00a0rapide\u00a0\u00bb et \u00ab\u00a0ind\u00e9pendante\u00a0\u00bb sur les manifestants tu\u00e9s.<\/p>\n","protected":false},"excerpt":{"rendered":"Le guide supr\u00eame iranien, l&rsquo;ayatollah Ali Khamenei, le 20 octobre 2025 \u00e0 T\u00e9h\u00e9ran ( KHAMENEI.IR \/ &#8211; )&hellip;\n","protected":false},"author":2,"featured_media":652243,"comment_status":"","ping_status":"","sticky":false,"template":"","format":"standard","meta":{"footnotes":""},"categories":[5],"tags":[400,11,398,408,405,1011,27,403,14,402,399,404,12,401,406,407,28],"class_list":{"0":"post-652242","1":"post","2":"type-post","3":"status-publish","4":"format-standard","5":"has-post-thumbnail","7":"category-international","8":"tag-action-cac-40","9":"tag-actualites","10":"tag-bourse-de-paris","11":"tag-boursorama","12":"tag-cotations","13":"tag-fr","14":"tag-france","15":"tag-indices-devises","16":"tag-international","17":"tag-investir","18":"tag-investissement","19":"tag-marche-boursier","20":"tag-news","21":"tag-sicav","22":"tag-trackers","23":"tag-warrants","24":"tag-world"},"share_on_mastodon":{"url":"https:\/\/pubeurope.com\/@fr\/115866548745514007","error":""},"_links":{"self":[{"href":"https:\/\/www.europesays.com\/fr\/wp-json\/wp\/v2\/posts\/652242","targetHints":{"allow":["GET"]}}],"collection":[{"href":"https:\/\/www.europesays.com\/fr\/wp-json\/wp\/v2\/posts"}],"about":[{"href":"https:\/\/www.europesays.com\/fr\/wp-json\/wp\/v2\/types\/post"}],"author":[{"embeddable":true,"href":"https:\/\/www.europesays.com\/fr\/wp-json\/wp\/v2\/users\/2"}],"replies":[{"embeddable":true,"href":"https:\/\/www.europesays.com\/fr\/wp-json\/wp\/v2\/comments?post=652242"}],"version-history":[{"count":0,"href":"https:\/\/www.europesays.com\/fr\/wp-json\/wp\/v2\/posts\/652242\/revisions"}],"wp:featuredmedia":[{"embeddable":true,"href":"https:\/\/www.europesays.com\/fr\/wp-json\/wp\/v2\/media\/652243"}],"wp:attachment":[{"href":"https:\/\/www.europesays.com\/fr\/wp-json\/wp\/v2\/media?parent=652242"}],"wp:term":[{"taxonomy":"category","embeddable":true,"href":"https:\/\/www.europesays.com\/fr\/wp-json\/wp\/v2\/categories?post=652242"},{"taxonomy":"post_tag","embeddable":true,"href":"https:\/\/www.europesays.com\/fr\/wp-json\/wp\/v2\/tags?post=652242"}],"curies":[{"name":"wp","href":"https:\/\/api.w.org\/{rel}","templated":true}]}}