{"id":652244,"date":"2026-01-09T18:26:20","date_gmt":"2026-01-09T18:26:20","guid":{"rendered":"https:\/\/www.europesays.com\/fr\/652244\/"},"modified":"2026-01-09T18:26:20","modified_gmt":"2026-01-09T18:26:20","slug":"trois-agents-du-centre-penitentiaire-daix-luynes-violemment-agresses-par-un-detenu","status":"publish","type":"post","link":"https:\/\/www.europesays.com\/fr\/652244\/","title":{"rendered":"Trois agents du centre p\u00e9nitentiaire d&rsquo;Aix-Luynes \u00ab\u00a0violemment agress\u00e9s\u00a0\u00bb par un d\u00e9tenu"},"content":{"rendered":"\n<p class=\"c-chapo \">\n  Les agents venaient le chercher en cellule pour une audience. Il les attaqu\u00e9s avec un ciseau.\n<\/p>\n<p>      lire plus tard<\/p>\n<p id=\"dialog__title\" class=\"dialog__title\">Pour sauvegarder cet article, connectez-vous ou cr\u00e9ez un compte franceinfo<\/p>\n<p class=\"dialog__description\">Sans paiement. Sans abonnement.<\/p>\n<p>        Fermer la fen\u00eatre d\u2019activation des notifications France Info<\/p>\n<p>      cr\u00e9er votre compte<\/p>\n<p>      se connecter<\/p>\n<p>      :<\/p>\n<p>        Fermer la fen\u00eatre de pr\u00e9sentation<\/p>\n<p>    <img loading=\"lazy\" decoding=\"async\" class=\"signature__image lazyload\" width=\"100\" height=\"100\" data- alt=\"\" src=\"https:\/\/www.europesays.com\/fr\/wp-content\/uploads\/2025\/05\/64a7df4c5fe71_placeholder-36b69ec8.png\"\/><\/p>\n<p>    Publi\u00e9 le 09\/01\/2026 11:30<\/p>\n<p>      Mis \u00e0 jour le 09\/01\/2026 13:46<\/p>\n<p>        Temps de lecture : 2min<\/p>\n<p>    <img decoding=\"async\"  alt=\"Le centre p\u00e9nitentiaire d'Aix-Luynes (Bouches-du-Rh\u00f4ne). (Serge Gueroult \/ MAXPPP)\" width=\"432\" height=\"243\" src=\"https:\/\/www.europesays.com\/fr\/wp-content\/uploads\/2026\/01\/maxnewsworldfour545414-6960d7faeba32012383357.jpg\" fetchpriority=\"high\"\/><\/p>\n<p>      Le centre p\u00e9nitentiaire d&rsquo;Aix-Luynes (Bouches-du-Rh\u00f4ne). (Serge Gueroult \/ MAXPPP)<\/p>\n<p>Trois agents du centre p\u00e9nitentiaire d&rsquo;Aix-Luynes (Bouches-du-Rh\u00f4ne) ont \u00e9t\u00e9 \u00ab\u00a0violemment agress\u00e9s dans l&rsquo;exercice de leur fonction\u00a0\u00bb, annonce vendredi 9 janvier <a href=\"https:\/\/x.com\/GDarmanin\/status\/2009554563318128873?s=20\" target=\"_blank\" rel=\"noopener\" data-tooltip-url=\"https:\/\/x.com\/GDarmanin\/status\/2009554563318128873?s=20\">sur X<\/a> G\u00e9rald Darmanin.<\/p>\n<p>Le ministre de la Justice indique que l&rsquo;agression a \u00e9t\u00e9 commise par \u00ab\u00a0une personne d\u00e9tenue\u00a0\u00bb. Les victimes ont \u00e9t\u00e9 prises en charge par les secours \u00ab\u00a0et leurs vies ne sont pas en danger\u00a0\u00bb.<\/p>\n<p>Selon des sources concordantes \u00e0 franceinfo, l&rsquo;agression a eu lieu vers 8\u00a0heures dans le centre situ\u00e9 \u00e0 Aix-en-Provence. Les agents sont venus chercher le d\u00e9tenu en cellule pour l&#8217;emmener dans un bureau pour une audience avec l&rsquo;administration p\u00e9nitentiaire. Selon une source syndicale p\u00e9nitentiaire, le d\u00e9tenu avait une \u00ab\u00a0dol\u00e9ance\u00a0\u00bb.<\/p>\n<p>Selon les premiers \u00e9l\u00e9ments, le d\u00e9tenu s&rsquo;en est pris aux agents \u00e0 l&rsquo;aide d&rsquo;un ciseaux dans ce bureau. Il a d&rsquo;abord bless\u00e9 un premier surveillant au cr\u00e2ne. Puis il s&rsquo;en est pris au chef de b\u00e2timent. Toujours de source syndicale p\u00e9nitentiaire, le d\u00e9tenu l&rsquo;a mis au sol et l&rsquo;a frapp\u00e9 au cou, \u00e0 la tempe et aux cervicales, le blessant gravement. Un troisi\u00e8me agent est alors intervenu pour tenter d&rsquo;aider le chef de b\u00e2timent. Il a \u00e9t\u00e9 bless\u00e9 plus l\u00e9g\u00e8rement au bras et a pu \u00eatre soign\u00e9 au sein de la prison. Les deux autres agents ont \u00e9t\u00e9 hospitalis\u00e9s mais leur vie n&rsquo;est pas en danger.<\/p>\n<p>Le suspect est \u00e2g\u00e9 de 23\u00a0ans et est connu pour agressions sexuelles sur conjointe, pr\u00e9cisent des sources proches du dossier. L&rsquo;homme a \u00e9t\u00e9 transf\u00e9r\u00e9 au centre p\u00e9nitentiaire d&rsquo;Aix-Luynes en 2025. La source syndicale p\u00e9nitentiaire ajoute que le d\u00e9tenu a \u00e9t\u00e9 transf\u00e9r\u00e9 apr\u00e8s des faits de violences sur des agents de la prison d&rsquo;Avignon. L&rsquo;homme &#8211; connu pour \u00eatre violent &#8211; n&rsquo;est pas lib\u00e9rable tout de suite.<\/p>\n","protected":false},"excerpt":{"rendered":"Les agents venaient le chercher en cellule pour une audience. Il les attaqu\u00e9s avec un ciseau. lire plus&hellip;\n","protected":false},"author":2,"featured_media":652245,"comment_status":"","ping_status":"","sticky":false,"template":"","format":"standard","meta":{"footnotes":""},"categories":[4],"tags":[11,1011,27,12,25],"class_list":{"0":"post-652244","1":"post","2":"type-post","3":"status-publish","4":"format-standard","5":"has-post-thumbnail","7":"category-france","8":"tag-actualites","9":"tag-fr","10":"tag-france","11":"tag-news","12":"tag-republique-francaise"},"share_on_mastodon":{"url":"https:\/\/pubeurope.com\/@fr\/115866552623708666","error":""},"_links":{"self":[{"href":"https:\/\/www.europesays.com\/fr\/wp-json\/wp\/v2\/posts\/652244","targetHints":{"allow":["GET"]}}],"collection":[{"href":"https:\/\/www.europesays.com\/fr\/wp-json\/wp\/v2\/posts"}],"about":[{"href":"https:\/\/www.europesays.com\/fr\/wp-json\/wp\/v2\/types\/post"}],"author":[{"embeddable":true,"href":"https:\/\/www.europesays.com\/fr\/wp-json\/wp\/v2\/users\/2"}],"replies":[{"embeddable":true,"href":"https:\/\/www.europesays.com\/fr\/wp-json\/wp\/v2\/comments?post=652244"}],"version-history":[{"count":0,"href":"https:\/\/www.europesays.com\/fr\/wp-json\/wp\/v2\/posts\/652244\/revisions"}],"wp:featuredmedia":[{"embeddable":true,"href":"https:\/\/www.europesays.com\/fr\/wp-json\/wp\/v2\/media\/652245"}],"wp:attachment":[{"href":"https:\/\/www.europesays.com\/fr\/wp-json\/wp\/v2\/media?parent=652244"}],"wp:term":[{"taxonomy":"category","embeddable":true,"href":"https:\/\/www.europesays.com\/fr\/wp-json\/wp\/v2\/categories?post=652244"},{"taxonomy":"post_tag","embeddable":true,"href":"https:\/\/www.europesays.com\/fr\/wp-json\/wp\/v2\/tags?post=652244"}],"curies":[{"name":"wp","href":"https:\/\/api.w.org\/{rel}","templated":true}]}}