{"id":652246,"date":"2026-01-09T18:27:12","date_gmt":"2026-01-09T18:27:12","guid":{"rendered":"https:\/\/www.europesays.com\/fr\/652246\/"},"modified":"2026-01-09T18:27:12","modified_gmt":"2026-01-09T18:27:12","slug":"tempete-goretti-suivez-les-dernieres-informations-actualites","status":"publish","type":"post","link":"https:\/\/www.europesays.com\/fr\/652246\/","title":{"rendered":"Temp\u00eate Goretti &#8211; Suivez les derni\u00e8res informations &#8211; Actualit\u00e9s"},"content":{"rendered":"<p>\n            Mis \u00e0 jour le\u00a009\/01\/2026\n        <\/p>\n<p>                                                                                                    <img decoding=\"async\" class=\"fr-responsive-img\" src=\"https:\/\/www.europesays.com\/fr\/wp-content\/uploads\/2026\/01\/Tempete-Goretti-Suivez-les-dernieres-informations_large.png\" alt=\"\" style=\"aspect-ratio: 1.7765957446809;\"\/><\/p>\n<p>        Point de situation: vendredi 9 janvier \u00e0 17h30<\/p>\n<p class=\" text-justify\"><b>Conform\u00e9ment aux pr\u00e9visions de M\u00e9t\u00e9o-France, la temp\u00eate Goretti a travers\u00e9 l\u2019ensemble du d\u00e9partement de la Seine-Maritime dans la nuit de jeudi 8 \u00e0 vendredi 9 janvier 2026, g\u00e9n\u00e9rant un \u00e9pisode m\u00e9t\u00e9orologique d\u2019une intensit\u00e9 exceptionnelle. Des vents particuli\u00e8rement soutenus ont balay\u00e9 le territoire, avec au pic de la temp\u00eate, entre 1h00 et 3h30 du matin des rafales \u00e0 156 km\/h relev\u00e9es au Havre, 154km\/h \u00e0 F\u00e9camp, 126 km\/h \u00e0 Dieppe et \u00e0 Yvetot. <\/b><\/p>\n<p class=\" text-justify\">En d\u00e9croissance progressive depuis le d\u00e9but de la journ\u00e9e, le vent va continuer de souffler entre 80 et 60\u00a0km\/h sur le littoral d\u2019ici demain matin et autour de 60\u00a0km\/h en rafales dans les terres.<\/p>\n<p class=\" text-justify\"><b>Interventions<\/b><\/p>\n<p class=\" text-justify\">&#8211; plus de 500 interventions par les sapeurs-pompiers, principalement pour des chutes d\u2019arbres, des d\u00e9gradations d\u2019habitations ou des op\u00e9rations d\u2019ass\u00e8chement de b\u00e2timents en raison du ph\u00e9nom\u00e8ne de submersion marine,<\/p>\n<p class=\" text-justify\">&#8211; 50 interventions par les forces de l\u2019ordre, principalement pour des signalements d\u2019obstacles sur la route ou des d\u00e9clenchements d\u2019alarme dans des \u00e9tablissements recevant du public (ERP),<\/p>\n<p class=\" text-justify\">&#8211; 500 interventions de d\u00e9gagement, principalement sur les routes d\u00e9partementales, pour cause de chutes d\u2019arbres. 64 routes d\u00e9partementales sont toujours coup\u00e9es sur le r\u00e9seau d\u00e9partemental dont 17 du fait de lignes \u00e9lectriques au sol.<\/p>\n<p class=\" text-justify\"><b>\u00c9tretat et F\u00e9camp<\/b><\/p>\n<p class=\" text-justify\">Les communes d\u2019\u00c9tretat ont \u00e9t\u00e9 particuli\u00e8rement touch\u00e9es par le ph\u00e9nom\u00e8ne de vagues-submersion, occasionnant : des d\u00e9g\u00e2ts mat\u00e9riels importants, des habitations fragilis\u00e9es, des voiries encombr\u00e9es par des galets et des d\u00e9bris. Un dispositif d\u2019appui psychologique a \u00e9t\u00e9 activ\u00e9 par la mairie d\u2019\u00c9tretat \u00e0 destination des habitants impact\u00e9s.<\/p>\n<p class=\" text-justify\">\u00c0 F\u00e9camp, les rafales ont atteint 154\u00a0km\/h, entra\u00eenant des d\u00e9gradations d\u2019infrastructures, des chutes d\u2019arbres et des inondations.<\/p>\n<p class=\" text-justify\">Dans ces deux communes, la situation est d\u00e9sormais stabilis\u00e9e, m\u00eame si des op\u00e9rations de s\u00e9curisation restent en cours.<\/p>\n<p class=\" text-justify\"><b>Vigilances m\u00e9t\u00e9o<\/b><\/p>\n<p class=\" text-justify\">Plusieurs vigilances jaune et orange avaient \u00e9t\u00e9 activ\u00e9es par M\u00e9t\u00e9o France dans le d\u00e9partement. A 18h ce vendredi, la Seine-Maritime est de nouveau en vigilance VERTE.<\/p>\n<p class=\" text-justify\"><b>R\u00e9seaux, transports <\/b><b>et port de Dieppe<\/b><\/p>\n<p class=\" text-justify\">Le r\u00e9seau \u00e9lectrique a \u00e9t\u00e9 partiellement mis \u00e0 mal\u00a0: environ 56\u00a0000 clients, soit pr\u00e8s de 8,5 % du parc seinomarin, \u00e9taient encore priv\u00e9s d\u2019\u00e9lectricit\u00e9 \u00e0 16\u00a0h. Les op\u00e9rations de remise en \u00e9tat se poursuivent. Les \u00e9quipes d\u2019ENEDIS demeurent pleinement mobilis\u00e9es, y compris ce week-end, jusqu\u2019au retour \u00e0 la normale.<\/p>\n<p class=\" text-justify\">La SNCF indique que les lignes Yvetot\u2013Le-Havre\u2013Br\u00e9aut\u00e9 et F\u00e9camp, ont \u00e9t\u00e9 particuli\u00e8rement expos\u00e9es \u00e0 la temp\u00eate avec des rafales d\u2019environ 150\u00a0km\/h. Sur ces lignes, la reprise de la circulation ferroviaire est envisag\u00e9e \u00e0 dimanche matin. Les \u00e9quipes de SNCF R\u00e9seau sont mobilis\u00e9es notamment sur les secteurs de Cherbourg et du Havre, pour d\u00e9gager les voies et r\u00e9parer les cat\u00e9naires, fortement endommag\u00e9es en plusieurs points. Plus d\u2019infos: https:\/\/www.ter.sncf.com\/normandie<\/p>\n<p class=\" text-justify\">Sous l\u2019effet du ph\u00e9nom\u00e8ne vagues-submersion cette nuit, l\u2019acc\u00e8s au port de Dieppe, momentan\u00e9ment ferm\u00e9, en raison des conditions de mer rendant le chenal impraticable, a \u00e9t\u00e9 rouvert dans la journ\u00e9e.<\/p>\n<p class=\" text-justify\"><b>Mesures prises<\/b><\/p>\n<ul>\n<li>Les ponts de Tancarville, de Normandie et de Brotonne ont \u00e9t\u00e9 rouverts dans la matin\u00e9e,<\/li>\n<li>Les \u00e9tablissements scolaires accueillant des \u00e9l\u00e8ves le samedi rouvriront demain,<\/li>\n<li>L\u2019ensemble des restrictions de circulation a \u00e9t\u00e9 lev\u00e9,<\/li>\n<\/ul>\n<p class=\" text-justify\">Des arr\u00eat\u00e9s pr\u00e9fectoraux ont \u00e9t\u00e9 pris pour :<\/p>\n<ul>\n<li>rendre de nouveau accessible les for\u00eats \u00e0 partir de ce jour 18h,<\/li>\n<li>autoriser l\u2019occupation et l\u2019usage des voiries communales afin de permettre des travaux d\u2019urgence.<\/li>\n<\/ul>\n<p class=\" text-justify\"><b>Dispositif FR-Alert<\/b><\/p>\n<p class=\" text-justify\">Un message FR-Alert a \u00e9t\u00e9 diffus\u00e9 d\u00e8s 17h00 le jeudi 8 janvier, afin d\u2019alerter la population de l\u2019arriv\u00e9e de la temp\u00eate et de rappeler les consignes de s\u00e9curit\u00e9. Un message de fin d\u2019\u00e9v\u00e9nement, a \u00e9t\u00e9 adress\u00e9 vers 8h00 ce vendredi, invitant \u00e0 une reprise progressive des activit\u00e9s, tout en maintenant un haut niveau de vigilance, notamment lors des d\u00e9placements.<\/p>\n<p class=\" text-justify\">La diffusion rapide et massive de ces messages, conjugu\u00e9e au respect des consignes par la population, a tr\u00e8s largement contribu\u00e9 \u00e0 l\u2019absence de victimes, malgr\u00e9 la violence de l\u2019\u00e9v\u00e9nement. Les services de l\u2019\u00c9tat, les collectivit\u00e9s et les secours soulignent le comportement responsable de la population, d\u00e9terminant pour la s\u00e9curit\u00e9 de tous.<\/p>\n<p class=\" text-justify\">Le pr\u00e9fet de la Seine-Maritime tient \u00e0 saluer l\u2019engagement de l&rsquo;ensemble des acteurs de terrain, particuli\u00e8rement les forces de secours, les forces de l\u2019ordre et les gestionnaires de voiries, d\u00e9j\u00e0 fortement sollicit\u00e9s depuis plusieurs jours par l&rsquo;\u00e9pisode neigeux r\u00e9cent, et qui ont une nouvelle fois fait la d\u00e9monstration de leur engagement.<\/p>\n","protected":false},"excerpt":{"rendered":"Mis \u00e0 jour le\u00a009\/01\/2026 Point de situation: vendredi 9 janvier \u00e0 17h30 Conform\u00e9ment aux pr\u00e9visions de M\u00e9t\u00e9o-France, la&hellip;\n","protected":false},"author":2,"featured_media":652247,"comment_status":"","ping_status":"","sticky":false,"template":"","format":"standard","meta":{"footnotes":""},"categories":[2],"tags":[11,1011,27,12],"class_list":{"0":"post-652246","1":"post","2":"type-post","3":"status-publish","4":"format-standard","5":"has-post-thumbnail","7":"category-actualites","8":"tag-actualites","9":"tag-fr","10":"tag-france","11":"tag-news"},"share_on_mastodon":{"url":"https:\/\/pubeurope.com\/@fr\/115866556549697487","error":""},"_links":{"self":[{"href":"https:\/\/www.europesays.com\/fr\/wp-json\/wp\/v2\/posts\/652246","targetHints":{"allow":["GET"]}}],"collection":[{"href":"https:\/\/www.europesays.com\/fr\/wp-json\/wp\/v2\/posts"}],"about":[{"href":"https:\/\/www.europesays.com\/fr\/wp-json\/wp\/v2\/types\/post"}],"author":[{"embeddable":true,"href":"https:\/\/www.europesays.com\/fr\/wp-json\/wp\/v2\/users\/2"}],"replies":[{"embeddable":true,"href":"https:\/\/www.europesays.com\/fr\/wp-json\/wp\/v2\/comments?post=652246"}],"version-history":[{"count":0,"href":"https:\/\/www.europesays.com\/fr\/wp-json\/wp\/v2\/posts\/652246\/revisions"}],"wp:featuredmedia":[{"embeddable":true,"href":"https:\/\/www.europesays.com\/fr\/wp-json\/wp\/v2\/media\/652247"}],"wp:attachment":[{"href":"https:\/\/www.europesays.com\/fr\/wp-json\/wp\/v2\/media?parent=652246"}],"wp:term":[{"taxonomy":"category","embeddable":true,"href":"https:\/\/www.europesays.com\/fr\/wp-json\/wp\/v2\/categories?post=652246"},{"taxonomy":"post_tag","embeddable":true,"href":"https:\/\/www.europesays.com\/fr\/wp-json\/wp\/v2\/tags?post=652246"}],"curies":[{"name":"wp","href":"https:\/\/api.w.org\/{rel}","templated":true}]}}