{"id":652250,"date":"2026-01-09T18:29:13","date_gmt":"2026-01-09T18:29:13","guid":{"rendered":"https:\/\/www.europesays.com\/fr\/652250\/"},"modified":"2026-01-09T18:29:13","modified_gmt":"2026-01-09T18:29:13","slug":"un-cadre-de-julien-stephan-relance-par-saint-etienne","status":"publish","type":"post","link":"https:\/\/www.europesays.com\/fr\/652250\/","title":{"rendered":"un cadre de Julien St\u00e9phan relanc\u00e9 par Saint-Etienne ?"},"content":{"rendered":"<p>\t\t\t\t\t Les Queens Park Rangers, actuellement 11e de Championship, ne souhaitent toutefois pas se s\u00e9parer de Varane en pleine saison. Julien St\u00e9phan, arriv\u00e9 l&rsquo;\u00e9t\u00e9 dernier sur le banc londonien, appr\u00e9cie particuli\u00e8rement les qualit\u00e9s de son milieu fran\u00e7ais qui s&rsquo;est impos\u00e9 comme un titulaire indiscutable depuis son arriv\u00e9e en Angleterre.\u00a0 <\/p>\n<p>Sauf grosse offre impossible \u00e0 refuser, Jonathan Varane qui est sous contrat jusqu&rsquo;en 2030, ne devrait donc pas quitter QPR en janvier. Kilmer Sports Ventures est-il dispos\u00e9 \u00e0 se montrer convaincant financi\u00e8rement pour faire plier le club anglais ? Ce n&rsquo;est pas la tendance. <br \/>\u200b\n\t\t\t\t <\/p>\n","protected":false},"excerpt":{"rendered":"Les Queens Park Rangers, actuellement 11e de Championship, ne souhaitent toutefois pas se s\u00e9parer de Varane en pleine&hellip;\n","protected":false},"author":2,"featured_media":652251,"comment_status":"","ping_status":"","sticky":false,"template":"","format":"standard","meta":{"footnotes":""},"categories":[9653],"tags":[1111,11,2430,1777,674,1011,27,12,25,4001],"class_list":{"0":"post-652250","1":"post","2":"type-post","3":"status-publish","4":"format-standard","5":"has-post-thumbnail","7":"category-saint-etienne","8":"tag-actu","9":"tag-actualites","10":"tag-auvergne-rhone-alpes","11":"tag-eu","12":"tag-europe","13":"tag-fr","14":"tag-france","15":"tag-news","16":"tag-republique-francaise","17":"tag-saint-etienne"},"share_on_mastodon":{"url":"https:\/\/pubeurope.com\/@fr\/115866564204404101","error":""},"_links":{"self":[{"href":"https:\/\/www.europesays.com\/fr\/wp-json\/wp\/v2\/posts\/652250","targetHints":{"allow":["GET"]}}],"collection":[{"href":"https:\/\/www.europesays.com\/fr\/wp-json\/wp\/v2\/posts"}],"about":[{"href":"https:\/\/www.europesays.com\/fr\/wp-json\/wp\/v2\/types\/post"}],"author":[{"embeddable":true,"href":"https:\/\/www.europesays.com\/fr\/wp-json\/wp\/v2\/users\/2"}],"replies":[{"embeddable":true,"href":"https:\/\/www.europesays.com\/fr\/wp-json\/wp\/v2\/comments?post=652250"}],"version-history":[{"count":0,"href":"https:\/\/www.europesays.com\/fr\/wp-json\/wp\/v2\/posts\/652250\/revisions"}],"wp:featuredmedia":[{"embeddable":true,"href":"https:\/\/www.europesays.com\/fr\/wp-json\/wp\/v2\/media\/652251"}],"wp:attachment":[{"href":"https:\/\/www.europesays.com\/fr\/wp-json\/wp\/v2\/media?parent=652250"}],"wp:term":[{"taxonomy":"category","embeddable":true,"href":"https:\/\/www.europesays.com\/fr\/wp-json\/wp\/v2\/categories?post=652250"},{"taxonomy":"post_tag","embeddable":true,"href":"https:\/\/www.europesays.com\/fr\/wp-json\/wp\/v2\/tags?post=652250"}],"curies":[{"name":"wp","href":"https:\/\/api.w.org\/{rel}","templated":true}]}}