{"id":652254,"date":"2026-01-09T18:32:10","date_gmt":"2026-01-09T18:32:10","guid":{"rendered":"https:\/\/www.europesays.com\/fr\/652254\/"},"modified":"2026-01-09T18:32:10","modified_gmt":"2026-01-09T18:32:10","slug":"du-10-au-18-janvier-le-cirque-medrano-fera-escale-a-la-seyne-pour-presenter-son-nouveau-spectacle","status":"publish","type":"post","link":"https:\/\/www.europesays.com\/fr\/652254\/","title":{"rendered":"Du 10\u00a0au 18\u00a0janvier, le cirque Medrano fera escale \u00e0 La Seyne pour pr\u00e9senter son nouveau spectacle"},"content":{"rendered":"<p class=\"fs-5 \">Le<strong> cirque Medrano<\/strong> est l\u2019un des plus anciens cirques fran\u00e7ais encore en activit\u00e9.<\/p>\n<p class=\"fs-5 \">Et sa tourn\u00e9e passe par <strong>La Seyne<\/strong>. Il dressera son chapiteau sur l\u2019<strong>Esplanade Marine<\/strong> (pr\u00e8s de la porte des chantiers) pour proposer son <strong>spectacle, La l\u00e9gende de l\u2019oiseau bleu, du samedi 10 au dimanche 18 janvier inclus<\/strong> (1).<\/p>\n<p class=\"fs-5 \">\u00ab\u00a0Une v\u00e9ritable c\u00e9l\u00e9bration du cirque \u00e0 travers les performances extraordinaires de ses artistes\u00a0\u00bb, vante la troupe que dirige Raoul Gibault.<\/p>\n<p>                                                                                Une heure et demie de rires et de frissons<\/p>\n<p class=\"fs-5 \">Sur et au-dessus de la piste, une cinquantaine d\u2019artistes, acrobates audacieux, jongleurs virtuoses et clowns po\u00e9tiques vous promettent \u00ab\u00a0un voyage inoubliable, o\u00f9 performances spectaculaires et \u00e9motions s\u2019entrelacent\u00a0\u00bb.<\/p>\n<p class=\"fs-5 \">Les petits et ceux qui ont gard\u00e9 leur \u00e2me d\u2019enfant devraient passer une heure et demie de rires et de frissons.<\/p>\n<p class=\"fs-5 \">Le public peut arriver une heure avant le d\u00e9but de la s\u00e9ance et profiter de quelques douceurs en vente\u00a0: barbe \u00e0 papa, pop-corn, cr\u00eape, gaufre, bonbons, friandises, boissons\u2026<\/p>\n<p class=\"fs-5 \">1. Tarifs, horaires et r\u00e9servations possibles sur <a href=\"http:\/\/www.cirquemedrano.fr\" target=\"_blank\" rel=\"nofollow noopener\">www.cirquemedrano.fr<\/a><\/p>\n","protected":false},"excerpt":{"rendered":"Le cirque Medrano est l\u2019un des plus anciens cirques fran\u00e7ais encore en activit\u00e9. Et sa tourn\u00e9e passe par&hellip;\n","protected":false},"author":2,"featured_media":652255,"comment_status":"","ping_status":"","sticky":false,"template":"","format":"standard","meta":{"footnotes":""},"categories":[9619],"tags":[1111,11,1777,674,1011,27,12,882,25,2310],"class_list":{"0":"post-652254","1":"post","2":"type-post","3":"status-publish","4":"format-standard","5":"has-post-thumbnail","7":"category-toulon","8":"tag-actu","9":"tag-actualites","10":"tag-eu","11":"tag-europe","12":"tag-fr","13":"tag-france","14":"tag-news","15":"tag-provence-alpes-cote-dazur","16":"tag-republique-francaise","17":"tag-toulon"},"share_on_mastodon":{"url":"https:\/\/pubeurope.com\/@fr\/115866576275834356","error":""},"_links":{"self":[{"href":"https:\/\/www.europesays.com\/fr\/wp-json\/wp\/v2\/posts\/652254","targetHints":{"allow":["GET"]}}],"collection":[{"href":"https:\/\/www.europesays.com\/fr\/wp-json\/wp\/v2\/posts"}],"about":[{"href":"https:\/\/www.europesays.com\/fr\/wp-json\/wp\/v2\/types\/post"}],"author":[{"embeddable":true,"href":"https:\/\/www.europesays.com\/fr\/wp-json\/wp\/v2\/users\/2"}],"replies":[{"embeddable":true,"href":"https:\/\/www.europesays.com\/fr\/wp-json\/wp\/v2\/comments?post=652254"}],"version-history":[{"count":0,"href":"https:\/\/www.europesays.com\/fr\/wp-json\/wp\/v2\/posts\/652254\/revisions"}],"wp:featuredmedia":[{"embeddable":true,"href":"https:\/\/www.europesays.com\/fr\/wp-json\/wp\/v2\/media\/652255"}],"wp:attachment":[{"href":"https:\/\/www.europesays.com\/fr\/wp-json\/wp\/v2\/media?parent=652254"}],"wp:term":[{"taxonomy":"category","embeddable":true,"href":"https:\/\/www.europesays.com\/fr\/wp-json\/wp\/v2\/categories?post=652254"},{"taxonomy":"post_tag","embeddable":true,"href":"https:\/\/www.europesays.com\/fr\/wp-json\/wp\/v2\/tags?post=652254"}],"curies":[{"name":"wp","href":"https:\/\/api.w.org\/{rel}","templated":true}]}}