{"id":652258,"date":"2026-01-09T18:34:10","date_gmt":"2026-01-09T18:34:10","guid":{"rendered":"https:\/\/www.europesays.com\/fr\/652258\/"},"modified":"2026-01-09T18:34:10","modified_gmt":"2026-01-09T18:34:10","slug":"un-incident-violent-et-inquietant-dans-une-structure-de-reinsertion-a-montpellier","status":"publish","type":"post","link":"https:\/\/www.europesays.com\/fr\/652258\/","title":{"rendered":"Un incident violent et inqui\u00e9tant dans une structure de r\u00e9insertion \u00e0 Montpellier"},"content":{"rendered":"<p>                    Par<br \/>\n        <strong><br \/>\n            <a href=\"https:\/\/actu.fr\/auteur\/metropoop\" title=\"Consulter tous les articles de R\u00e9daction M\u00e9tropolitain\" target=\"_blank\" rel=\"noopener\">R\u00e9daction M\u00e9tropolitain<\/a><br \/>\n                    <\/strong><\/p>\n<p>        Publi\u00e9 le<\/p>\n<p>            9 janv. 2026 \u00e0 17h05        <\/p>\n<p><strong>Ce dimanche 4 janvier<\/strong>, une agression a eu lieu dans la structure d\u2019accompagnement vers la sortie (SAS), quartier Eurom\u00e9decine \u00e0 Montpellier. Ce jour-l\u00e0, un d\u00e9tenu alerte les surveillants : il affirme avoir \u00e9t\u00e9 \u00e9trangl\u00e9 sur la coursive par un autre d\u00e9tenu, identifi\u00e9 comme P, et explique ne plus avoir pu respirer. Les faits apparaissent d\u2019une extr\u00eame gravit\u00e9. Face \u00e0 la situation, l\u2019administration estime le profil du d\u00e9tenu P. incompatible avec le r\u00e9gime SAS. La d\u00e9cision tombe : le d\u00e9tenu doit rejoindre un r\u00e9gime ferm\u00e9.\u00a0<\/p>\n<p>    <a href=\"https:\/\/www.google.com\/maps\/embed?pb=!1m18!1m12!1m3!1d5774.876307552063!2d3.8189679697753998!3d43.63905160000001!2m3!1f0!2f0!3f0!3m2!1i1024!2i768!4f13.1!3m3!1m2!1s0x12b6aea64e76d5d9%3A0x3578c2415b21090f!2sEurom%C3%A9decine!5e0!3m2!1sfr!2sfr!4v1767958437671!5m2!1sfr!2sfr\" title=\"Ouvrie le lien\" target=\"_blank\" rel=\"noopener\">Cliquez ici pour visualiser le contenu<\/a><\/p>\n<p>Menaces de mort et arme improvis\u00e9e<\/p>\n<p class=\" wall-content\">Au moment de la r\u00e9int\u00e9gration en cellule, la situation d\u00e9g\u00e9n\u00e8re. Le d\u00e9tenu refuse d\u2019ob\u00e9ir, sort un stylo et l\u2019utilise comme une arme par destination. Il prof\u00e8re des menaces de mort contre les personnels. Il annonce vouloir \u00ab\u00a0planter un \u0153il ou une gorge\u00a0\u00bb. Les injonctions se succ\u00e8dent. Une tentative de d\u00e9sescalade \u00e9choue : son comportement reste violent et impr\u00e9visible. Les agents \u00e9vacuent l\u2019unit\u00e9 et interviennent ensuite pour ma\u00eetriser le d\u00e9tenu et le d\u00e9sarmer. \u00a0Malgr\u00e9 un lourd passif disciplinaire, une agression grave et des menaces caract\u00e9ris\u00e9es, le d\u00e9tenu est finalement affect\u00e9 en d\u00e9tention ordinaire \u00e0 Villeneuve-l\u00e8s-Maguelone. Le compte rendu d\u2019incident reste en attente de traitement, une d\u00e9cision qui suscite l\u2019incompr\u00e9hension.\u00a0<\/p>\n<p class=\" wall-content\">FO Justice du centre p\u00e9nitentiaire de Villeneuve-l\u00e8s-Maguelone d\u00e9nonce une gestion jug\u00e9e incoh\u00e9rente. Le syndicat alerte <a href=\"https:\/\/actu.fr\/occitanie\/villeneuve-les-maguelone_34337\/le-danger-est-bien-reel-pres-de-montpellier-une-prison-secouee-par-un-feu-de-cellule_63667810.html\" target=\"_blank\" rel=\"noopener\">sur le maintien de d\u00e9tenus violents en r\u00e9gime ouvert et pointe l\u2019absence de r\u00e9ponses disciplinaires fermes.<\/a> \u00ab\u00a0Les alertes ignor\u00e9es mettant en danger permanent les personnels.\u00a0\u00bb FO Justice salue l\u2019action des surveillants et leur \u00ab\u00a0professionnalisme exemplaire\u00a0\u00bb. Le syndicat rappelle une priorit\u00e9 : la s\u00e9curit\u00e9, la protection et le respect des personnels doivent primer.<\/p>\n<p class=\" wall-content\">Personnalisez votre actualit\u00e9 en ajoutant vos villes et m\u00e9dias en favori avec <a href=\"https:\/\/moncompte.actu.fr\" title=\"D\u00e9couvez Mon Actu\" rel=\"nofollow noopener\" data-trk=\"{&quot;cta&quot;:{&quot;action&quot;:&quot;https:\\\/\\\/moncompte.actu.fr&quot;,&quot;category&quot;:&quot;mon compte&quot;,&quot;from&quot;:&quot;article footer&quot;,&quot;name&quot;:&quot;Mon actu&quot;,&quot;type&quot;:&quot;cta&quot;}}\" target=\"_blank\">Mon Actu<\/a>.<\/p>\n","protected":false},"excerpt":{"rendered":"Par R\u00e9daction M\u00e9tropolitain Publi\u00e9 le 9 janv. 2026 \u00e0 17h05 Ce dimanche 4 janvier, une agression a eu&hellip;\n","protected":false},"author":2,"featured_media":652259,"comment_status":"","ping_status":"","sticky":false,"template":"","format":"standard","meta":{"footnotes":""},"categories":[9599],"tags":[1111,11,1777,674,118,1011,27,2208,12,2680,899,25],"class_list":{"0":"post-652258","1":"post","2":"type-post","3":"status-publish","4":"format-standard","5":"has-post-thumbnail","7":"category-montpellier","8":"tag-actu","9":"tag-actualites","10":"tag-eu","11":"tag-europe","12":"tag-faits-divers","13":"tag-fr","14":"tag-france","15":"tag-montpellier","16":"tag-news","17":"tag-occitanie","18":"tag-prisons","19":"tag-republique-francaise"},"share_on_mastodon":{"url":"https:\/\/pubeurope.com\/@fr\/115866583939462600","error":""},"_links":{"self":[{"href":"https:\/\/www.europesays.com\/fr\/wp-json\/wp\/v2\/posts\/652258","targetHints":{"allow":["GET"]}}],"collection":[{"href":"https:\/\/www.europesays.com\/fr\/wp-json\/wp\/v2\/posts"}],"about":[{"href":"https:\/\/www.europesays.com\/fr\/wp-json\/wp\/v2\/types\/post"}],"author":[{"embeddable":true,"href":"https:\/\/www.europesays.com\/fr\/wp-json\/wp\/v2\/users\/2"}],"replies":[{"embeddable":true,"href":"https:\/\/www.europesays.com\/fr\/wp-json\/wp\/v2\/comments?post=652258"}],"version-history":[{"count":0,"href":"https:\/\/www.europesays.com\/fr\/wp-json\/wp\/v2\/posts\/652258\/revisions"}],"wp:featuredmedia":[{"embeddable":true,"href":"https:\/\/www.europesays.com\/fr\/wp-json\/wp\/v2\/media\/652259"}],"wp:attachment":[{"href":"https:\/\/www.europesays.com\/fr\/wp-json\/wp\/v2\/media?parent=652258"}],"wp:term":[{"taxonomy":"category","embeddable":true,"href":"https:\/\/www.europesays.com\/fr\/wp-json\/wp\/v2\/categories?post=652258"},{"taxonomy":"post_tag","embeddable":true,"href":"https:\/\/www.europesays.com\/fr\/wp-json\/wp\/v2\/tags?post=652258"}],"curies":[{"name":"wp","href":"https:\/\/api.w.org\/{rel}","templated":true}]}}