{"id":652260,"date":"2026-01-09T18:35:09","date_gmt":"2026-01-09T18:35:09","guid":{"rendered":"https:\/\/www.europesays.com\/fr\/652260\/"},"modified":"2026-01-09T18:35:09","modified_gmt":"2026-01-09T18:35:09","slug":"a-montpellier-un-trafic-de-stupefiants-stoppe-a-la-cite-aiguelongue","status":"publish","type":"post","link":"https:\/\/www.europesays.com\/fr\/652260\/","title":{"rendered":"\u00c0 Montpellier, un trafic de stup\u00e9fiants stopp\u00e9 \u00e0 la cit\u00e9 Aiguelongue"},"content":{"rendered":"<p>                    Par<br \/>\n        <strong><br \/>\n            <a href=\"https:\/\/actu.fr\/auteur\/lea-pippinato\" title=\"Consulter tous les articles de L\u00e9a Pippinato\" target=\"_blank\" rel=\"noopener\">L\u00e9a Pippinato<\/a><br \/>\n                    <\/strong><\/p>\n<p>        Publi\u00e9 le<\/p>\n<p>            9 janv. 2026 \u00e0 18h20        <\/p>\n<p><strong>Ce mercredi 7 janvier<\/strong>, vers 17h30, une op\u00e9ration de lutte contre le <strong>trafic de stup\u00e9fiants<\/strong> se d\u00e9roule dans le secteur Aiguelongue Montasinos, place Rosa Parks, \u00e0 <strong>Montpellier<\/strong>. Le service de voie publique du commissariat local m\u00e8ne l\u2019intervention. Les policiers nationaux observent les lieux et rep\u00e8rent des \u00e9changes suspects.<\/p>\n<p>    <a href=\"https:\/\/www.google.com\/maps\/embed?pb=!1m18!1m12!1m3!1d2887.963252694275!2d3.8781835764608332!3d43.62812377110333!2m3!1f0!2f0!3f0!3m2!1i1024!2i768!4f13.1!3m3!1m2!1s0x12b6af15dfb4437f%3A0x5951dc8639bfb2e0!2sPl.%20Rosa%20Parks%2C%2034090%20Montpellier!5e0!3m2!1sfr!2sfr!4v1767973379733!5m2!1sfr!2sfr\" title=\"Ouvrie le lien\" target=\"_blank\" rel=\"noopener\">Cliquez ici pour visualiser le contenu<\/a><\/p>\n<p class=\" wall-content\">Les surveillances confirment l\u2019intuition des agents : deux vendeurs op\u00e8rent \u00e0 d\u00e9couvert et quatre acheteurs se succ\u00e8dent. Les transactions concernent plusieurs types de produits stup\u00e9fiants. Les policiers interviennent apr\u00e8s les \u00e9changes.<\/p>\n<p>Des achats pour usage personnel<\/p>\n<p class=\" wall-content\">Les quatre acheteurs sont entendus sur place. Le premier, \u00e2g\u00e9 de 39 ans, reconna\u00eet l\u2019achat d\u2019herbe. Le second, \u00e2g\u00e9 de 27 ans, indique avoir achet\u00e9 de la r\u00e9sine. Les deux autres, \u00e2g\u00e9s de 30 et 38 ans, d\u00e9tiennent de la coca\u00efne. Les quantit\u00e9s restent faibles et correspondent \u00e0 une consommation personnelle. Chaque acheteur fait l\u2019objet d\u2019une amende forfaitaire d\u00e9lictuelle (AFD), dont le montant est fix\u00e9 \u00e0 200 euros par personne.\u00a0<\/p>\n<p class=\" wall-content\">Du c\u00f4t\u00e9 des vendeurs, la situation diff\u00e8re. L\u2019un d\u2019eux est \u00e2g\u00e9 de 17 ans. Les policiers retrouvent 140 euros sur lui. Les \u00e9l\u00e9ments recueillis d\u00e9signent clairement ce jeune comme le vendeur principal des produits stup\u00e9fiants. Il nie les faits lors de son audition. Il fait l\u2019objet d\u2019une convocation par officier de police judiciaire (COPJ) et devra compara\u00eetre devant le juge des enfants <strong>en mars 2026<\/strong>. Le second vendeur est \u00e2g\u00e9 de 21 ans et conteste \u00e9galement toute implication. Une interdiction de para\u00eetre dans le secteur est prononc\u00e9e \u00e0 son encontre pour une dur\u00e9e de six mois.<\/p>\n<p class=\" wall-content\">Personnalisez votre actualit\u00e9 en ajoutant vos villes et m\u00e9dias en favori avec <a href=\"https:\/\/moncompte.actu.fr\" title=\"D\u00e9couvez Mon Actu\" rel=\"nofollow noopener\" data-trk=\"{&quot;cta&quot;:{&quot;action&quot;:&quot;https:\\\/\\\/moncompte.actu.fr&quot;,&quot;category&quot;:&quot;mon compte&quot;,&quot;from&quot;:&quot;article footer&quot;,&quot;name&quot;:&quot;Mon actu&quot;,&quot;type&quot;:&quot;cta&quot;}}\" target=\"_blank\">Mon Actu<\/a>.<\/p>\n","protected":false},"excerpt":{"rendered":"Par L\u00e9a Pippinato Publi\u00e9 le 9 janv. 2026 \u00e0 18h20 Ce mercredi 7 janvier, vers 17h30, une op\u00e9ration&hellip;\n","protected":false},"author":2,"featured_media":652261,"comment_status":"","ping_status":"","sticky":false,"template":"","format":"standard","meta":{"footnotes":""},"categories":[9599],"tags":[1111,11,1261,1052,1777,674,118,1011,27,2208,12,2680,1072,25],"class_list":{"0":"post-652260","1":"post","2":"type-post","3":"status-publish","4":"format-standard","5":"has-post-thumbnail","7":"category-montpellier","8":"tag-actu","9":"tag-actualites","10":"tag-argent","11":"tag-drogue","12":"tag-eu","13":"tag-europe","14":"tag-faits-divers","15":"tag-fr","16":"tag-france","17":"tag-montpellier","18":"tag-news","19":"tag-occitanie","20":"tag-police","21":"tag-republique-francaise"},"share_on_mastodon":{"url":"https:\/\/pubeurope.com\/@fr\/115866587915701567","error":""},"_links":{"self":[{"href":"https:\/\/www.europesays.com\/fr\/wp-json\/wp\/v2\/posts\/652260","targetHints":{"allow":["GET"]}}],"collection":[{"href":"https:\/\/www.europesays.com\/fr\/wp-json\/wp\/v2\/posts"}],"about":[{"href":"https:\/\/www.europesays.com\/fr\/wp-json\/wp\/v2\/types\/post"}],"author":[{"embeddable":true,"href":"https:\/\/www.europesays.com\/fr\/wp-json\/wp\/v2\/users\/2"}],"replies":[{"embeddable":true,"href":"https:\/\/www.europesays.com\/fr\/wp-json\/wp\/v2\/comments?post=652260"}],"version-history":[{"count":0,"href":"https:\/\/www.europesays.com\/fr\/wp-json\/wp\/v2\/posts\/652260\/revisions"}],"wp:featuredmedia":[{"embeddable":true,"href":"https:\/\/www.europesays.com\/fr\/wp-json\/wp\/v2\/media\/652261"}],"wp:attachment":[{"href":"https:\/\/www.europesays.com\/fr\/wp-json\/wp\/v2\/media?parent=652260"}],"wp:term":[{"taxonomy":"category","embeddable":true,"href":"https:\/\/www.europesays.com\/fr\/wp-json\/wp\/v2\/categories?post=652260"},{"taxonomy":"post_tag","embeddable":true,"href":"https:\/\/www.europesays.com\/fr\/wp-json\/wp\/v2\/tags?post=652260"}],"curies":[{"name":"wp","href":"https:\/\/api.w.org\/{rel}","templated":true}]}}