{"id":652262,"date":"2026-01-09T18:36:10","date_gmt":"2026-01-09T18:36:10","guid":{"rendered":"https:\/\/www.europesays.com\/fr\/652262\/"},"modified":"2026-01-09T18:36:10","modified_gmt":"2026-01-09T18:36:10","slug":"des-degats-sur-la-chaussee-ralentissent-le-trafic","status":"publish","type":"post","link":"https:\/\/www.europesays.com\/fr\/652262\/","title":{"rendered":"des d\u00e9g\u00e2ts sur la chauss\u00e9e ralentissent le trafic"},"content":{"rendered":"<p melodystyle=\"texte\" data-end=\"352\">La neige tomb\u00e9e cette semaine en Seine-Maritime n&rsquo;a pas seulement <a href=\"https:\/\/www.lecourriercauchois.fr\/actualite-394354-live-neige-en-seine-maritime-vigilance-orange-circulation-suivez-notre-direct\" target=\"_blank\" rel=\"noopener\">perturb\u00e9 la circulation<\/a>\u00a0: elle a aussi endommag\u00e9 certaines infrastructures routi\u00e8res, notamment sur l&rsquo;autoroute A150 entre Barentin et Rouen.<\/p>\n<p melodystyle=\"texte\" data-end=\"352\">La Direction interd\u00e9partementale des routes nord-ouest (DIRNO) annonce des travaux \u00e0 venir apr\u00e8s l&rsquo;apparition de d\u00e9gradations localis\u00e9es de la chauss\u00e9e.<\/p>\n<p>Des travaux \u00e0 partir du 12\u00a0janvier<\/p>\n<p melodystyle=\"texte\" data-end=\"477\">Les d\u00e9g\u00e2ts ont \u00e9t\u00e9 constat\u00e9s dans le sens Barentin \u2013 Rouen, au niveau de la commune de Canteleu.\u00a0La DIRNO pr\u00e9voit d&rsquo;intervenir \u00e0 compter du lundi 12\u00a0janvier, afin de proc\u00e9der aux r\u00e9parations n\u00e9cessaires.<\/p>\n<p melodystyle=\"texte\" data-end=\"948\">D&rsquo;ici l\u00e0, la circulation est d\u00e9j\u00e0 modifi\u00e9e. \u00ab\u00a0La voie de droite est neutralis\u00e9e dans le sens Barentin vers Rouen au droit des d\u00e9gradations\u00a0\u00bb, indique la DIRNO. Le trafic se fait donc sur une seule voie sur ce secteur, ce qui peut entra\u00eener des ralentissements, notamment aux heures de pointe sur cet axe tr\u00e8s fr\u00e9quent\u00e9.<\/p>\n<p>Un appel \u00e0 la prudence<\/p>\n<p melodystyle=\"texte\" data-end=\"1150\">Dans son communiqu\u00e9, la DIRNO rappelle que ces travaux sont organis\u00e9s afin de garantir un r\u00e9seau routier plus s\u00fbr, tout en limitant au maximum la g\u00eane pour les usagers.<\/p>\n<p melodystyle=\"texte\" data-end=\"1492\" data-is-only-node=\"\">Les automobilistes sont invit\u00e9s \u00e0 respecter la signalisation, ainsi que les distances et vitesses de s\u00e9curit\u00e9, la plus grande prudence \u00e9tant recommand\u00e9e. La DIRNO insiste \u00e9galement sur la s\u00e9curit\u00e9 des agents\u00a0: \u00ab\u00a0Chaque jour, les agents des DIR interviennent sur la route pour votre s\u00e9curit\u00e9, respectez leur travail, respectez-les\u00a0\u00bb.<\/p>\n","protected":false},"excerpt":{"rendered":"La neige tomb\u00e9e cette semaine en Seine-Maritime n&rsquo;a pas seulement perturb\u00e9 la circulation\u00a0: elle a aussi endommag\u00e9 certaines&hellip;\n","protected":false},"author":2,"featured_media":652263,"comment_status":"","ping_status":"","sticky":false,"template":"","format":"standard","meta":{"footnotes":""},"categories":[9587],"tags":[1111,11,1777,674,1011,27,12,5161,25,9590],"class_list":{"0":"post-652262","1":"post","2":"type-post","3":"status-publish","4":"format-standard","5":"has-post-thumbnail","7":"category-rouen","8":"tag-actu","9":"tag-actualites","10":"tag-eu","11":"tag-europe","12":"tag-fr","13":"tag-france","14":"tag-news","15":"tag-normandie","16":"tag-republique-francaise","17":"tag-rouen"},"share_on_mastodon":{"url":"https:\/\/pubeurope.com\/@fr\/115866591809136081","error":""},"_links":{"self":[{"href":"https:\/\/www.europesays.com\/fr\/wp-json\/wp\/v2\/posts\/652262","targetHints":{"allow":["GET"]}}],"collection":[{"href":"https:\/\/www.europesays.com\/fr\/wp-json\/wp\/v2\/posts"}],"about":[{"href":"https:\/\/www.europesays.com\/fr\/wp-json\/wp\/v2\/types\/post"}],"author":[{"embeddable":true,"href":"https:\/\/www.europesays.com\/fr\/wp-json\/wp\/v2\/users\/2"}],"replies":[{"embeddable":true,"href":"https:\/\/www.europesays.com\/fr\/wp-json\/wp\/v2\/comments?post=652262"}],"version-history":[{"count":0,"href":"https:\/\/www.europesays.com\/fr\/wp-json\/wp\/v2\/posts\/652262\/revisions"}],"wp:featuredmedia":[{"embeddable":true,"href":"https:\/\/www.europesays.com\/fr\/wp-json\/wp\/v2\/media\/652263"}],"wp:attachment":[{"href":"https:\/\/www.europesays.com\/fr\/wp-json\/wp\/v2\/media?parent=652262"}],"wp:term":[{"taxonomy":"category","embeddable":true,"href":"https:\/\/www.europesays.com\/fr\/wp-json\/wp\/v2\/categories?post=652262"},{"taxonomy":"post_tag","embeddable":true,"href":"https:\/\/www.europesays.com\/fr\/wp-json\/wp\/v2\/tags?post=652262"}],"curies":[{"name":"wp","href":"https:\/\/api.w.org\/{rel}","templated":true}]}}