{"id":652264,"date":"2026-01-09T18:37:16","date_gmt":"2026-01-09T18:37:16","guid":{"rendered":"https:\/\/www.europesays.com\/fr\/652264\/"},"modified":"2026-01-09T18:37:16","modified_gmt":"2026-01-09T18:37:16","slug":"riles-joue-a-domicile-direction-le-zenith-de-rouen-le-16-janvier","status":"publish","type":"post","link":"https:\/\/www.europesays.com\/fr\/652264\/","title":{"rendered":"Ril\u00e8s joue \u00e0 domicile : direction le Z\u00e9nith de Rouen le 16 janvier"},"content":{"rendered":"<p><strong>Vendredi 16 janvier 2026 \u00e0 20h<\/strong>, <strong>Rouen<\/strong> va vibrer. Et pas qu\u2019un peu. <strong>Ril\u00e8s<\/strong>, l\u2019artiste <strong>rouennais<\/strong> que tout le monde conna\u00eet (et que beaucoup suivent depuis ses d\u00e9buts), revient jouer <strong>chez lui<\/strong>, au <strong>Z\u00e9nith de Rouen<\/strong>, pour une date qui s\u2019annonce d\u00e9j\u00e0 <strong>intense, symbolique et m\u00e9morable<\/strong>.<\/p>\n<p><strong>\ud83d\udd0d\u00a0Ril\u00e8s au Z\u00e9nith de Rouen : le retour de l\u2019artiste rouennais le plus audacieux de sa g\u00e9n\u00e9ration<\/strong><strong>Ril\u00e8s, le parcours d\u2019un autodidacte devenu incontournable<\/strong><\/p>\n<p>Difficile de parler de <strong>Ril\u00e8s<\/strong> sans \u00e9voquer son parcours <strong>hors norme<\/strong>. Originaire de <strong>Rouen<\/strong>, il incarne \u00e0 fond l\u2019esprit <strong>DIY<\/strong> : il \u00e9crit, compose, produit, mixe, r\u00e9alise ses clips\u2026 bref, <strong>il fait tout<\/strong>.<\/p>\n<p>R\u00e9v\u00e9l\u00e9 au grand public avec le d\u00e9fi fou <strong>Ril\u00e8sundayz<\/strong> (un titre par semaine pendant un an), il s\u2019est impos\u00e9 sans suivre les codes classiques de l\u2019industrie musicale, cumulant <strong>des millions de vues<\/strong> et une fanbase fid\u00e8le, en France comme \u00e0 l\u2019international.<\/p>\n<blockquote class=\"instagram-media\" data-instgrm-permalink=\"https:\/\/www.instagram.com\/p\/DOdHDnLDFKu\/?utm_source=ig_embed&amp;utm_campaign=loading\" data-instgrm-version=\"14\" style=\" background:#FFF; border:0; border-radius:3px; box-shadow:0 0 1px 0 rgba(0,0,0,0.5),0 1px 10px 0 rgba(0,0,0,0.15); margin: 1px; max-width:540px; min-width:326px; padding:0; width:99.375%; width:-webkit-calc(100% - 2px); width:calc(100% - 2px);\" wp_automatic_readability=\"-0.25\"\/><p><strong>Un \u00e9t\u00e9 2025 qui a retourn\u00e9 les festivals<\/strong><\/p>\n<p>Ces derniers mois, impossible de passer \u00e0 c\u00f4t\u00e9 : <strong>Ril\u00e8s a litt\u00e9ralement retourn\u00e9 les sc\u00e8nes des festivals<\/strong>. Shows ultra travaill\u00e9s, <strong>chor\u00e9graphies millim\u00e9tr\u00e9es<\/strong>, sc\u00e9nographies immersives\u2026 chaque concert ressemble plus \u00e0 une <strong>performance totale<\/strong> qu\u2019\u00e0 un simple live.<\/p>\n<p>Un niveau d\u2019exigence qui confirme ce que beaucoup pensaient d\u00e9j\u00e0 : <strong>Ril\u00e8s fait partie des artistes fran\u00e7ais les plus singuliers de sa g\u00e9n\u00e9ration<\/strong>.<\/p>\n<p><strong>Survival Mode &amp; The 25th Hour : l\u2019art du d\u00e9passement<\/strong><\/p>\n<p>Avec <strong>Survival Mode<\/strong>, Ril\u00e8s a repouss\u00e9 ses limites physiques et mentales, notamment avec son <strong>Survival Run<\/strong> : 24 heures de course non-stop suivies par des millions de personnes.<\/p>\n<p>Dans la continuit\u00e9, il a imagin\u00e9 <strong>The 25th Hour<\/strong>, une extension artistique et musicale, symbolisant cette <strong>vingt-cinqui\u00e8me heure<\/strong>, celle o\u00f9 l\u2019on va <strong>au-del\u00e0 de l\u2019effort<\/strong>, l\u00e0 o\u00f9 peu osent s\u2019aventurer.<\/p>\n<p><strong>Un concert \u00e0 Rouen, pas comme les autres<\/strong><\/p>\n<p>Ce passage au <strong>Z\u00e9nith de Rouen<\/strong> n\u2019est pas une date parmi d\u2019autres. C\u2019est <strong>un retour aux sources<\/strong>, un moment fort pour l\u2019artiste comme pour le public local.<\/p>\n<p style=\"margin: 0; color: #000000; font-size: 16px; font-weight: bold;\">\u00c0 voir aussi sur Rouen Bouge<\/p>\n<\/p>\n<p>                    \u2716\n                <\/p>\n<p>Attendez-vous \u00e0 un show <strong>puissant<\/strong>, <strong>\u00e9motionnel<\/strong> et visuellement <strong>impressionnant<\/strong>, port\u00e9 par un artiste qui n\u2019a jamais cess\u00e9 de <strong>se d\u00e9passer<\/strong> et de surprendre.<\/p>\n<p>\ud83d\udc49 <strong>Bonne nouvelle<\/strong> : <strong>il reste encore quelques places<\/strong> pour assister \u00e0 ce concert tr\u00e8s attendu. Mais autant dire qu\u2019elles ne vont pas tra\u00eener longtemps.<\/p>\n<p><strong>Pourquoi il ne faut surtout pas rater cette date<\/strong><\/p>\n<ul class=\"wp-block-list\">\n<li>\u2705 <strong>Ril\u00e8s \u00e0 Rouen<\/strong>, chez lui<\/li>\n<li>\u2705 Un <strong>show parmi les plus marquants de la tourn\u00e9e 2026<\/strong><\/li>\n<li>\u2705 Une exp\u00e9rience entre <strong>musique, performance et d\u00e9passement de soi<\/strong><\/li>\n<li>\u2705 <strong>Encore quelques places disponibles<\/strong><\/li>\n<\/ul>\n<p>\ud83d\udccd <strong>Z\u00e9nith de Rouen<\/strong><br \/>\ud83d\uddd3\ufe0f <strong>Vendredi 16 janvier 2026<\/strong><br \/>\u23f0 <strong>20h00<\/strong><br \/>\ud83c\udf9f\ufe0f <strong>Si vous h\u00e9sitiez encore, c\u2019est clairement le moment de foncer<\/strong><\/p>\n<p>            <script async src=\"\/\/www.instagram.com\/embed.js\"><\/script><\/p>\n","protected":false},"excerpt":{"rendered":"Vendredi 16 janvier 2026 \u00e0 20h, Rouen va vibrer. Et pas qu\u2019un peu. Ril\u00e8s, l\u2019artiste rouennais que tout&hellip;\n","protected":false},"author":2,"featured_media":652265,"comment_status":"","ping_status":"","sticky":false,"template":"","format":"standard","meta":{"footnotes":""},"categories":[9587],"tags":[1111,11,1777,674,1011,27,12,5161,25,9590],"class_list":{"0":"post-652264","1":"post","2":"type-post","3":"status-publish","4":"format-standard","5":"has-post-thumbnail","7":"category-rouen","8":"tag-actu","9":"tag-actualites","10":"tag-eu","11":"tag-europe","12":"tag-fr","13":"tag-france","14":"tag-news","15":"tag-normandie","16":"tag-republique-francaise","17":"tag-rouen"},"share_on_mastodon":{"url":"https:\/\/pubeurope.com\/@fr\/115866595681733350","error":""},"_links":{"self":[{"href":"https:\/\/www.europesays.com\/fr\/wp-json\/wp\/v2\/posts\/652264","targetHints":{"allow":["GET"]}}],"collection":[{"href":"https:\/\/www.europesays.com\/fr\/wp-json\/wp\/v2\/posts"}],"about":[{"href":"https:\/\/www.europesays.com\/fr\/wp-json\/wp\/v2\/types\/post"}],"author":[{"embeddable":true,"href":"https:\/\/www.europesays.com\/fr\/wp-json\/wp\/v2\/users\/2"}],"replies":[{"embeddable":true,"href":"https:\/\/www.europesays.com\/fr\/wp-json\/wp\/v2\/comments?post=652264"}],"version-history":[{"count":0,"href":"https:\/\/www.europesays.com\/fr\/wp-json\/wp\/v2\/posts\/652264\/revisions"}],"wp:featuredmedia":[{"embeddable":true,"href":"https:\/\/www.europesays.com\/fr\/wp-json\/wp\/v2\/media\/652265"}],"wp:attachment":[{"href":"https:\/\/www.europesays.com\/fr\/wp-json\/wp\/v2\/media?parent=652264"}],"wp:term":[{"taxonomy":"category","embeddable":true,"href":"https:\/\/www.europesays.com\/fr\/wp-json\/wp\/v2\/categories?post=652264"},{"taxonomy":"post_tag","embeddable":true,"href":"https:\/\/www.europesays.com\/fr\/wp-json\/wp\/v2\/tags?post=652264"}],"curies":[{"name":"wp","href":"https:\/\/api.w.org\/{rel}","templated":true}]}}