{"id":652270,"date":"2026-01-09T18:40:09","date_gmt":"2026-01-09T18:40:09","guid":{"rendered":"https:\/\/www.europesays.com\/fr\/652270\/"},"modified":"2026-01-09T18:40:09","modified_gmt":"2026-01-09T18:40:09","slug":"municipales-a-rennes-ou-est-la-maire-lopposant-charles-compagnon-denonce-la-strategie-desquive-de-nathalie-appere-et-l","status":"publish","type":"post","link":"https:\/\/www.europesays.com\/fr\/652270\/","title":{"rendered":"Municipales \u00e0 Rennes\u00a0: \u00ab\u00a0o\u00f9 est la maire\u00a0?\u00a0\u00bb, l\u2019opposant Charles Compagnon d\u00e9nonce la strat\u00e9gie \u00ab\u00a0d\u2019esquive\u00a0\u00bb de Nathalie App\u00e9r\u00e9 et l\u2019invite au d\u00e9bat"},"content":{"rendered":"<p>\u00ab O\u00f9 est la maire de Rennes ? Cette semaine, nous sommes <a href=\"https:\/\/www.letelegramme.fr\/ille-et-vilaine\/rennes-35000\/mon-fils-etait-frigorifie-des-temperatures-glaciales-enregistrees-dans-certaines-ecoles-de-rennes-cette-semaine-6959004.php\" target=\"_blank\" rel=\"noopener\">all\u00e9s rencontrer les habitants priv\u00e9s de chauffage au Blosne et \u00e0 Villejean<\/a>. Ils n\u2019avaient vu personne\u2026 O\u00f9 est la maire ? <a href=\"https:\/\/www.letelegramme.fr\/ille-et-vilaine\/rennes-35000\/le-moment-venu-je-serai-candidate-la-maire-de-rennes-nathalie-appere-ne-lance-pas-encore-sa-campagne-mais-6932148.php\" target=\"_blank\" rel=\"noopener\">Le 20 novembre, elle a lanc\u00e9 sa campagne<\/a> dans un bunker ferm\u00e9 au public. Depuis, elle propose un bilan d\u2019autosatisfaction sans contradiction. Pourtant, il existe une urgence au d\u00e9bat d\u00e9mocratique. En 2020, la derni\u00e8re \u00e9lection municipale &#8211; impact\u00e9e par la pand\u00e9mie de Covid &#8211; s\u2019est sold\u00e9e par une abstention de 68 % ! Nous avons besoin d\u2019un maire qui dispose d\u2019une forte l\u00e9gitimit\u00e9 d\u00e9mocratique. Nathalie App\u00e9r\u00e9 ne peut pas essayer d\u2019enjamber cette nouvelle \u00e9lection. \u00bb Ce vendredi 9 janvier, Vivre Rennes, la liste men\u00e9e par les opposants sortants, Charles Compagnon et Carole Gandon, a organis\u00e9 une conf\u00e9rence de presse dans le cadre de la campagne aux municipales. Objectif : dresser le \u00ab vrai bilan \u00bb de la maire sortante et l\u2019inciter \u00e0 sortir du \u201cbunker\u201d o\u00f9 elle se serait retranch\u00e9e.<\/p>\n<p>\u00ab Les grands renoncements \u00bb<\/p>\n<p>Le bilan de Nathalie App\u00e9r\u00e9 ? C\u2019est le portrait \u00ab d\u2019une ville qui d\u00e9croche \u00bb, dresse les candidats. C\u2019est 15,1 % de ch\u00f4mage sur la ville, + 20 % de d\u00e9linquance, + 73 % de taxe d\u2019ordures m\u00e9nag\u00e8res, \u00e9num\u00e8re le document concoct\u00e9 par Vivre Rennes, qui recense \u00e9galement les \u00ab renoncements \u00bb de la majorit\u00e9 sortante. Une carte o\u00f9 sont list\u00e9s les grands projets \u00ab enlis\u00e9s \u00bb. R\u00e9novation de la piscine Saint-Georges \u00ab laiss\u00e9e \u00e0 l\u2019abandon \u00bb, projet de nouveau Roazhon Park enterr\u00e9, Palais du commerce plant\u00e9\u2026 la liste est aussi longue que le bilan est sombre. \u00ab Pourtant, Rennes est une ville formidable, assure Charles Compagnon. On s\u2019engage pr\u00e9cis\u00e9ment pour cela. Parce que Rennes m\u00e9rite mieux ! Un m\u00e9decin qui fait un mauvais diagnostic peut tuer son patient. C\u2019est pareil pour une ville. \u00bb<\/p>\n<p>\u00ab L\u2019esquive n\u2019est pas une solution \u00bb<\/p>\n<p>Vivre Rennes propose des premi\u00e8res solutions. En creux, elles sonnent comme autant de r\u00e9probations de la gouvernance men\u00e9e par la majorit\u00e9 sortante. Ainsi, Charles Compagnon s\u2019engage notamment \u00e0 \u00ab organiser des r\u00e9f\u00e9rendums populaires locaux \u00bb avant d\u2019adopter tout projet d\u2019urbanisme structurant. \u00ab Toute notre philosophie est de partir du terrain, du r\u00e9el. Nous n\u2019avons pas peur d\u2019aller au contact des Rennais. \u00bb<\/p>\n<p>Charles Compagnon s\u2019est fendu d\u2019un courrier \u00e0 la maire, dat\u00e9 du 8 janvier, o\u00f9 il l\u2019invite \u00e0 venir d\u00e9battre en public, avec les autres candidats. D\u2019abord sur son bilan, ensuite sur ses propositions. \u00ab L\u2019abstention constitue l\u2019un des principaux dangers pour notre d\u00e9mocratie locale, \u00e9crit le candidat. Elle affaiblit le d\u00e9bat public et fragilise la l\u00e9gitimit\u00e9 de l\u2019action publique. Face \u00e0 cela, l\u2019esquive n\u2019est pas une option. Le silence n\u2019est pas une r\u00e9ponse. Le d\u00e9bat est un devoir. \u00bb L\u2019appel de Compagnon trouvera-t-il un \u00e9cho chez sa principale concurrente ? Rien n\u2019est moins s\u00fbr. Comme l\u2019a r\u00e9v\u00e9l\u00e9 <a href=\"https:\/\/www.lemensuel.com\/rennes\" target=\"_blank\" rel=\"noopener\">Le Mensuel de Rennes dans son \u00e9dition de janvier<\/a>, la maire a d\u00e9j\u00e0 refus\u00e9 l\u2019id\u00e9e d\u2019un d\u00e9bat &#8211; non public &#8211; que notre r\u00e9daction souhaitait organiser en d\u00e9cembre. <a href=\"https:\/\/www.letelegramme.fr\/ille-et-vilaine\/rennes-35000\/municipales-a-rennes-le-grand-bilan-de-nathalie-appere-6928724.php\" target=\"_blank\" rel=\"noopener\">Sur son bilan, pr\u00e9cis\u00e9ment<\/a>\u2026<\/p>\n","protected":false},"excerpt":{"rendered":"\u00ab O\u00f9 est la maire de Rennes ? Cette semaine, nous sommes all\u00e9s rencontrer les habitants priv\u00e9s de&hellip;\n","protected":false},"author":2,"featured_media":652271,"comment_status":"","ping_status":"","sticky":false,"template":"","format":"standard","meta":{"footnotes":""},"categories":[2821],"tags":[1111,11,829,2761,1777,674,1011,27,848,3434,26053,75608,12,50972,3364,584,25],"class_list":{"0":"post-652270","1":"post","2":"type-post","3":"status-publish","4":"format-standard","5":"has-post-thumbnail","7":"category-rennes","8":"tag-actu","9":"tag-actualites","10":"tag-bretagne","11":"tag-elections-municipales-2026","12":"tag-eu","13":"tag-europe","14":"tag-fr","15":"tag-france","16":"tag-ille-et-vilaine","17":"tag-municipales-2026","18":"tag-municipales-2026-a-rennes","19":"tag-municipales-rennes","20":"tag-news","21":"tag-newsletter-la-rennes-quotidienne","22":"tag-politique-a-rennes","23":"tag-rennes","24":"tag-republique-francaise"},"share_on_mastodon":{"url":"https:\/\/pubeurope.com\/@fr\/115866607696968546","error":""},"_links":{"self":[{"href":"https:\/\/www.europesays.com\/fr\/wp-json\/wp\/v2\/posts\/652270","targetHints":{"allow":["GET"]}}],"collection":[{"href":"https:\/\/www.europesays.com\/fr\/wp-json\/wp\/v2\/posts"}],"about":[{"href":"https:\/\/www.europesays.com\/fr\/wp-json\/wp\/v2\/types\/post"}],"author":[{"embeddable":true,"href":"https:\/\/www.europesays.com\/fr\/wp-json\/wp\/v2\/users\/2"}],"replies":[{"embeddable":true,"href":"https:\/\/www.europesays.com\/fr\/wp-json\/wp\/v2\/comments?post=652270"}],"version-history":[{"count":0,"href":"https:\/\/www.europesays.com\/fr\/wp-json\/wp\/v2\/posts\/652270\/revisions"}],"wp:featuredmedia":[{"embeddable":true,"href":"https:\/\/www.europesays.com\/fr\/wp-json\/wp\/v2\/media\/652271"}],"wp:attachment":[{"href":"https:\/\/www.europesays.com\/fr\/wp-json\/wp\/v2\/media?parent=652270"}],"wp:term":[{"taxonomy":"category","embeddable":true,"href":"https:\/\/www.europesays.com\/fr\/wp-json\/wp\/v2\/categories?post=652270"},{"taxonomy":"post_tag","embeddable":true,"href":"https:\/\/www.europesays.com\/fr\/wp-json\/wp\/v2\/tags?post=652270"}],"curies":[{"name":"wp","href":"https:\/\/api.w.org\/{rel}","templated":true}]}}