{"id":652274,"date":"2026-01-09T18:42:11","date_gmt":"2026-01-09T18:42:11","guid":{"rendered":"https:\/\/www.europesays.com\/fr\/652274\/"},"modified":"2026-01-09T18:42:11","modified_gmt":"2026-01-09T18:42:11","slug":"strasbourg-le-grand-sapin-de-la-place-kleber-vit-ses-derniers-jours","status":"publish","type":"post","link":"https:\/\/www.europesays.com\/fr\/652274\/","title":{"rendered":"Strasbourg. Le grand sapin de la place Kl\u00e9ber vit ses derniers jours"},"content":{"rendered":"<p>Install\u00e9 <a href=\"https:\/\/www.dna.fr\/culture-loisirs\/2025\/10\/24\/le-grand-sapin-de-noel-est-arrive-place-kleber-pour-son-installation\" target=\"_blank\" rel=\"noopener\">le 24\u00a0octobre dernier<\/a> , le sapin de la place Kl\u00e9ber vit ses derniers jours. <a href=\"https:\/\/www.dna.fr\/culture-loisirs\/2025\/11\/05\/marche-de-noel-en-conference-de-presse-la-ville-annonce-un-retour-a-l-authentique\" target=\"_blank\" rel=\"noopener\">L\u2019entreprise Sigmatech<\/a> , charg\u00e9e de l\u2019illumination de l\u2019embl\u00e9matique arbre de No\u00ebl strasbourgeois, a rang\u00e9 guirlandes et ornements cette semaine. S\u2019il reste encore en place pour ce premier week-end des soldes, la Ville pr\u00e9voit son extraction d\u00e8s lundi. Apr\u00e8s le d\u00e9crochage des branches, le sapin sera \u00ab\u00a0broy\u00e9 pour \u00eatre transform\u00e9 en mulch, des petits copeaux d\u2019\u00e9corce, puis envoy\u00e9 dans les jardins familiaux\u00a0\u00bb, explique Guillaume Libsig, adjoint \u00e0 la maire en charge des animations urbaines.<\/p>\n<p>Une fois l\u2019arbre embl\u00e9matique retir\u00e9, viendra le temps de d\u00e9crocher les d\u00e9corations lumineuses. Dans les quartiers p\u00e9riph\u00e9riques, cette mission incombe \u00e9galement \u00e0 Sigmatech. \u00ab\u00a0On va attaquer la d\u00e9pose \u00e0 la Robertsau, au Wacken ou encore \u00e0 la Meinau\u2026 Cela peut durer jusqu\u2019\u00e0 fin f\u00e9vrier, selon la m\u00e9t\u00e9o\u00a0\u00bb, confie Romaric Gusto, directeur adjoint de l\u2019entreprise d\u2019\u00e9lectricit\u00e9.<\/p>\n<p>  Des illuminations en place toute l\u2019ann\u00e9e\u00a0?<\/p>\n<p>Dans le centre-ville, la gestion des illuminations \u2013 <a href=\"https:\/\/www.dna.fr\/economie\/2026\/01\/03\/capitale-de-noel-derniere-chance-pour-voir-les-illuminations-en-ville-ce-dimanche\" target=\"_blank\" rel=\"noopener\">trois millions de points lumineux r\u00e9partis sur 25 kilom\u00e8tres de fils LED<\/a> \u2013 est partag\u00e9e entre la municipalit\u00e9 et les Vitrines de Strasbourg. Le retrait s\u2019y fera progressivement. \u00ab\u00a0On essaie de laisser un peu plus longtemps les illuminations qui ne font pas explicitement \u201cNo\u00ebl\u201d, afin qu\u2019elles puissent servir \u00e0 d\u2019autres \u00e9v\u00e9nements, comme <a href=\"https:\/\/www.dna.fr\/culture-loisirs\/2025\/12\/30\/strasbourg-mon-amour-l-appel-a-projets-prolonge\" target=\"_blank\" rel=\"noopener\">Strasbourg Mon Amour<\/a> en f\u00e9vrier\u00a0\u00bb, pr\u00e9cise Guillaume Libsig.<\/p>\n<p>Cette exp\u00e9rimentation est appel\u00e9e \u00e0 se d\u00e9velopper. \u00c0 terme, certaines installations pourraient rester en place toute l\u2019ann\u00e9e\u00a0: \u00ab\u00a0Cela permet de faire des \u00e9conomies et c\u2019est moins dommageable pour le mat\u00e9riel de rester install\u00e9. On est dans un objectif de durabilit\u00e9\u00a0\u00bb, souligne l\u2019\u00e9lu. De quoi imaginer, \u00e0 l\u2019avenir, des rues du centre-ville durablement d\u00e9cor\u00e9es, bien au-del\u00e0 de la saison des f\u00eates.<\/p>\n","protected":false},"excerpt":{"rendered":"Install\u00e9 le 24\u00a0octobre dernier , le sapin de la place Kl\u00e9ber vit ses derniers jours. L\u2019entreprise Sigmatech ,&hellip;\n","protected":false},"author":2,"featured_media":652275,"comment_status":"","ping_status":"","sticky":false,"template":"","format":"standard","meta":{"footnotes":""},"categories":[2820],"tags":[1111,11,1687,2880,436,1777,674,107,1011,27,775,12,15830,25,640,2879],"class_list":{"0":"post-652274","1":"post","2":"type-post","3":"status-publish","4":"format-standard","5":"has-post-thumbnail","7":"category-strasbourg","8":"tag-actu","9":"tag-actualites","10":"tag-culture-loisirs","11":"tag-edition-strasbourg","12":"tag-environnement","13":"tag-eu","14":"tag-europe","15":"tag-fil-info","16":"tag-fr","17":"tag-france","18":"tag-grand-est","19":"tag-news","20":"tag-noel","21":"tag-republique-francaise","22":"tag-strasbourg","23":"tag-strasbourg-ville"},"share_on_mastodon":{"url":"https:\/\/pubeurope.com\/@fr\/115866615462472625","error":""},"_links":{"self":[{"href":"https:\/\/www.europesays.com\/fr\/wp-json\/wp\/v2\/posts\/652274","targetHints":{"allow":["GET"]}}],"collection":[{"href":"https:\/\/www.europesays.com\/fr\/wp-json\/wp\/v2\/posts"}],"about":[{"href":"https:\/\/www.europesays.com\/fr\/wp-json\/wp\/v2\/types\/post"}],"author":[{"embeddable":true,"href":"https:\/\/www.europesays.com\/fr\/wp-json\/wp\/v2\/users\/2"}],"replies":[{"embeddable":true,"href":"https:\/\/www.europesays.com\/fr\/wp-json\/wp\/v2\/comments?post=652274"}],"version-history":[{"count":0,"href":"https:\/\/www.europesays.com\/fr\/wp-json\/wp\/v2\/posts\/652274\/revisions"}],"wp:featuredmedia":[{"embeddable":true,"href":"https:\/\/www.europesays.com\/fr\/wp-json\/wp\/v2\/media\/652275"}],"wp:attachment":[{"href":"https:\/\/www.europesays.com\/fr\/wp-json\/wp\/v2\/media?parent=652274"}],"wp:term":[{"taxonomy":"category","embeddable":true,"href":"https:\/\/www.europesays.com\/fr\/wp-json\/wp\/v2\/categories?post=652274"},{"taxonomy":"post_tag","embeddable":true,"href":"https:\/\/www.europesays.com\/fr\/wp-json\/wp\/v2\/tags?post=652274"}],"curies":[{"name":"wp","href":"https:\/\/api.w.org\/{rel}","templated":true}]}}