{"id":652278,"date":"2026-01-09T18:44:10","date_gmt":"2026-01-09T18:44:10","guid":{"rendered":"https:\/\/www.europesays.com\/fr\/652278\/"},"modified":"2026-01-09T18:44:10","modified_gmt":"2026-01-09T18:44:10","slug":"lopera-de-nice-lance-ses-gouters-sur-scene","status":"publish","type":"post","link":"https:\/\/www.europesays.com\/fr\/652278\/","title":{"rendered":"l\u2019Op\u00e9ra de Nice lance ses Go\u00fbters sur sc\u00e8ne"},"content":{"rendered":"<p class=\"fs-5 \">Il y avait les D\u00eeners sur sc\u00e8ne. Il y a d\u00e9sormais les Go\u00fbters sur sc\u00e8ne. Dans un cas comme dans l\u2019autre, on reste dans l\u2019op\u00e9ra&#8230; bouffe !<\/p>\n<p class=\"fs-5 \">Un nouveau rendez-vous lyrique et festif m\u00ealant spectacle, gourmandise et aventure. Premi\u00e8re d\u00e9gustation, ce dimanche 11 janvier 2026 \u00e0 16 h.<\/p>\n<p class=\"fs-5 \">En d\u00e9gustant des douceurs et en sirotant une boisson, les enfants, mais aussi les grands, sont convi\u00e9s \u00e0 vivre une histoire f\u00e9\u00e9rique au c\u0153ur du royaume de l\u2019op\u00e9ra.<\/p>\n<p class=\"fs-5 \">Le roi Op\u00e9ratus, la princesse Op\u00e9ralia, la cour et m\u00eame l\u2019orchestre ont \u00e9t\u00e9 plong\u00e9s dans un profond sommeil par un sortil\u00e8ge.<\/p>\n<p class=\"fs-5 \">Heureusement, les enfants, guid\u00e9s par le magicien Op\u00e9ratis, ont le pouvoir de r\u00e9veiller tout ce joli monde en participant \u00e0 l\u2019histoire et en pronon\u00e7ant les formules magiques.<\/p>\n<p class=\"fs-5 \">On n\u2019est pas loin d\u2019Alice au pays des merveilles et du th\u00e9 pris avec le chapelier fou. Un th\u00e9 symbole de chaos exquis et de fantaisie.<\/p>\n<p>                                                                                Les enfants aux loges<\/p>\n<p class=\"fs-5 \">Il y a deux fa\u00e7ons de vivre l\u2019exp\u00e9rience interactive \u00e0 la ni\u00e7oise. Soit sur sc\u00e8ne en tant qu\u2019invit\u00e9s de la cour avec go\u00fbter royal (1), soit dans la salle pour profiter du spectacle.<\/p>\n<p class=\"fs-5 \">Qui sera un r\u00e9gal pour les yeux et les oreilles, car, ce nouveau format du th\u00e9\u00e2tre lyrique, mis en sc\u00e8ne par Magali Thomas, est port\u00e9 par le ch\u0153ur et le ch\u0153ur d\u2019enfants de l\u2019op\u00e9ra de Nice, l\u2019ensemble des cuivres de l\u2019orchestre philharmonique, qui interpr\u00e9teront des airs connus, et le ballet de l\u2019op\u00e9ra.<\/p>\n<p class=\"fs-5 \">\u00c0 boire et \u00e0 manger, en somme, dans ce quatre-heures, dont le but est de d\u00e9couvrir et de d\u00e9guster l\u2019op\u00e9ra en famille.<\/p>\n<p class=\"fs-5 \">L\u2019auteur de ce menu savoureux est Bertrand Rossi, dont la qu\u00eate est de redonner son sens populaire d\u2019origine \u00e0 l\u2019op\u00e9ra par divers modes d\u2019expression.<\/p>\n<p class=\"fs-5 \">Le directeur g\u00e9n\u00e9ral des lieux raconte : \u00ab L\u2019id\u00e9e des D\u00eeners sur sc\u00e8ne m\u2019est venue lorsque je dirigeais l\u2019op\u00e9ra du Rhin \u00e0 Strasbourg. J\u2019ai apport\u00e9 ce concept, qui a essaim\u00e9 ailleurs, \u00e0 Nice, mais je trouvais dommage qu\u2019il reste limit\u00e9 aux adultes. Je souhaitais que les enfants profitent eux aussi d\u2019une des plus belles salles lyriques de France. \u00bb<\/p>\n<p class=\"fs-5 \">Concr\u00e8tement, comment va se d\u00e9rouler le premier go\u00fbter dominical qui va faire chanter les papilles ?<\/p>\n<p class=\"fs-5 \">\u00ab Les tables seront dispos\u00e9es en \u2018\u2018U\u2019\u2019 sur la sc\u00e8ne \u00e0 la mani\u00e8re d\u2019un banquet royal qui pourra accueillir 80 enfants. Mais nous avons \u00e9galement am\u00e9nag\u00e9 le parterre pouvant recevoir 150 adultes, dont les parents. \u00bb<\/p>\n<p class=\"fs-5 \">Et c\u00f4t\u00e9 douceurs ? \u00ab Des viennoiseries pr\u00e9par\u00e9es par une boulangerie-p\u00e2tisserie seront d\u00e9j\u00e0 dispos\u00e9es dans les assiettes sur les nappes ainsi que des boissons. \u00bb<\/p>\n<p class=\"fs-5 \">1. Cette option est compl\u00e8te pour les trois dates.<\/p>\n<p class=\"fs-5 \">Rens. : Go\u00fbters sur sc\u00e8ne, le 11 janvier, le 3 mai et le 14 juin, \u00e0 16 h \u00e0 l\u2019op\u00e9ra, 4-6, rue Saint-Fran\u00e7ois-de-Paule.<\/p>\n<p class=\"fs-5 \">La prestation dure environ une heure. Tarifs : 20 euros (5 euros pour les moins de 18 ans) pour les invit\u00e9s install\u00e9s sur la sc\u00e8ne, 10 euros (gratuit pour les moins de 12 ans) pour l\u2019assistance install\u00e9e dans la salle.<\/p>\n<p class=\"fs-5 \">R\u00e9servations sur le site opera-nice.org ou par t\u00e9l\u00e9phone au 04.92.17.40.40.<\/p>\n","protected":false},"excerpt":{"rendered":"Il y avait les D\u00eeners sur sc\u00e8ne. Il y a d\u00e9sormais les Go\u00fbters sur sc\u00e8ne. Dans un cas&hellip;\n","protected":false},"author":2,"featured_media":652279,"comment_status":"","ping_status":"","sticky":false,"template":"","format":"standard","meta":{"footnotes":""},"categories":[2819],"tags":[1111,11,1777,674,1011,27,12,2401,882,25],"class_list":{"0":"post-652278","1":"post","2":"type-post","3":"status-publish","4":"format-standard","5":"has-post-thumbnail","7":"category-nice","8":"tag-actu","9":"tag-actualites","10":"tag-eu","11":"tag-europe","12":"tag-fr","13":"tag-france","14":"tag-news","15":"tag-nice","16":"tag-provence-alpes-cote-dazur","17":"tag-republique-francaise"},"share_on_mastodon":{"url":"https:\/\/pubeurope.com\/@fr\/115866623409054713","error":""},"_links":{"self":[{"href":"https:\/\/www.europesays.com\/fr\/wp-json\/wp\/v2\/posts\/652278","targetHints":{"allow":["GET"]}}],"collection":[{"href":"https:\/\/www.europesays.com\/fr\/wp-json\/wp\/v2\/posts"}],"about":[{"href":"https:\/\/www.europesays.com\/fr\/wp-json\/wp\/v2\/types\/post"}],"author":[{"embeddable":true,"href":"https:\/\/www.europesays.com\/fr\/wp-json\/wp\/v2\/users\/2"}],"replies":[{"embeddable":true,"href":"https:\/\/www.europesays.com\/fr\/wp-json\/wp\/v2\/comments?post=652278"}],"version-history":[{"count":0,"href":"https:\/\/www.europesays.com\/fr\/wp-json\/wp\/v2\/posts\/652278\/revisions"}],"wp:featuredmedia":[{"embeddable":true,"href":"https:\/\/www.europesays.com\/fr\/wp-json\/wp\/v2\/media\/652279"}],"wp:attachment":[{"href":"https:\/\/www.europesays.com\/fr\/wp-json\/wp\/v2\/media?parent=652278"}],"wp:term":[{"taxonomy":"category","embeddable":true,"href":"https:\/\/www.europesays.com\/fr\/wp-json\/wp\/v2\/categories?post=652278"},{"taxonomy":"post_tag","embeddable":true,"href":"https:\/\/www.europesays.com\/fr\/wp-json\/wp\/v2\/tags?post=652278"}],"curies":[{"name":"wp","href":"https:\/\/api.w.org\/{rel}","templated":true}]}}