{"id":652282,"date":"2026-01-09T18:46:12","date_gmt":"2026-01-09T18:46:12","guid":{"rendered":"https:\/\/www.europesays.com\/fr\/652282\/"},"modified":"2026-01-09T18:46:12","modified_gmt":"2026-01-09T18:46:12","slug":"une-incroyable-exposition-immersive-sur-les-sorcieres-va-ensorceler-ce-chateau-a-nantes","status":"publish","type":"post","link":"https:\/\/www.europesays.com\/fr\/652282\/","title":{"rendered":"Une incroyable exposition immersive sur les sorci\u00e8res va ensorceler ce ch\u00e2teau \u00e0 Nantes"},"content":{"rendered":"<p>Impossible de rester indiff\u00e9rent face \u00e0 cette figure mythique qui traverse les si\u00e8cles. Tant\u00f4t effrayante, tant\u00f4t inspirante, la sorci\u00e8re occupe une place unique dans notre imaginaire collectif. Longtemps associ\u00e9e au mal, \u00e0 la transgression et au diable, elle a \u00e9t\u00e9 au c\u0153ur de terribles pers\u00e9cutions entre les XVIe et XVIIe si\u00e8cles. Des milliers de femmes, souvent marginalis\u00e9es, gu\u00e9risseuses ou simplement ind\u00e9pendantes, ont \u00e9t\u00e9 accus\u00e9es et condamn\u00e9es au nom de croyances profond\u00e9ment ancr\u00e9es dans la peur et la domination.<\/p>\n<p>&#13;<br \/>\nDe la peur m\u00e9di\u00e9vale \u00e0 l\u2019ic\u00f4ne moderne&#13;<\/p>\n<p><a href=\"https:\/\/www.lebonbon.fr\/nantes\/culture\/sublime-expo-immersive-van-gogh-debarque-a-nantes\/\" target=\"_blank\" rel=\"noopener\">L\u2019exposition nantaise <\/a>propose de revisiter cette histoire sombre, mais aussi de <strong>montrer comment la figure de la sorci\u00e8re s\u2019est m\u00e9tamorphos\u00e9e au fil du temps.<\/strong> Aujourd\u2019hui, elle incarne davantage la libert\u00e9, la transmission des savoirs, la puissance f\u00e9minine et l\u2019\u00e9mancipation. Des mouvements f\u00e9ministes contemporains se sont largement r\u00e9appropri\u00e9 cette image, transformant une ancienne figure de rejet en un symbole de r\u00e9sistance et d\u2019affirmation de soi. Cin\u00e9ma, litt\u00e9rature, s\u00e9ries, arts visuels\u2026 La sorci\u00e8re est partout. De personnages mythologiques comme Circ\u00e9 aux h\u00e9ro\u00efnes modernes, elle continue de nourrir notre imagination. L\u2019exposition mettra en lumi\u00e8re cette \u00e9volution culturelle et sociale, en offrant un regard nuanc\u00e9 et accessible \u00e0 tous les publics.<\/p>\n<p><img loading=\"lazy\" decoding=\"async\" src=\"https:\/\/www.europesays.com\/fr\/wp-content\/uploads\/2026\/01\/expo sorci\u00e8re.jpg\" width=\"650\" height=\"433\" alt=\"\"\/><\/p>\n<p>&#13;<br \/>\nUne immersion spectaculaire au c\u0153ur de l\u2019univers des sorci\u00e8res&#13;<\/p>\n<p>D\u00e9j\u00e0 pr\u00e9sent\u00e9e avec succ\u00e8s au mus\u00e9e de Pont-Aven en 2025, cette exposition arrive \u00e0 Nantes enrichie et repens\u00e9e pour investir les vastes salles du ch\u00e2teau. Pr\u00e8s de <strong>180 \u0153uvres et objets composeront un parcours immersif et sensoriel. <\/strong>Manuscrits anciens, peintures, objets rituels, herbiers, pendules, cartes de tarot, mais aussi installations interactives et \u0153uvres contemporaines permettront aux visiteurs de voyager entre mythe et r\u00e9alit\u00e9. Le parcours abordera des th\u00e9matiques vari\u00e9es\u00a0: les croyances populaires, la m\u00e9decine traditionnelle, la divination, les l\u00e9gendes folkloriques, mais aussi la repr\u00e9sentation des sorci\u00e8res dans la pop culture actuelle. Un v\u00e9ritable cabinet de curiosit\u00e9s moderne, pens\u00e9 pour \u00e9veiller la curiosit\u00e9 et stimuler la r\u00e9flexion.<\/p>\n<p>&#13;<\/p>\n<p>Un \u00e9v\u00e9nement culturel \u00e0 ne pas manquer\u00a0!<\/p>\n<p>&#13;<\/p>\n<p><strong>Infos pratiques<\/strong><br \/><strong>Dates\u00a0: du 7 f\u00e9vrier au 28 juin 2026<\/strong><br \/><strong>Lieu\u00a0: Ch\u00e2teau des ducs de Bretagne \u2013 Mus\u00e9e d\u2019histoire de Nantes<\/strong><br \/><strong>4 place Marc-Elder, Nantes<\/strong><br \/><strong>Horaires\u00a0: tous les jours 10h\u201318h (ferm\u00e9 le lundi), \u00e9t\u00e9 10h\u201319h<\/strong><br \/><a href=\"https:\/\/www.chateaunantes.fr\/expositions\/sorcieres\/\" rel=\"nofollow noopener noreferrer\" target=\"_blank\">Plus d\u2019infos<\/a><\/p>\n","protected":false},"excerpt":{"rendered":"Impossible de rester indiff\u00e9rent face \u00e0 cette figure mythique qui traverse les si\u00e8cles. Tant\u00f4t effrayante, tant\u00f4t inspirante, la&hellip;\n","protected":false},"author":2,"featured_media":652283,"comment_status":"","ping_status":"","sticky":false,"template":"","format":"standard","meta":{"footnotes":""},"categories":[2818],"tags":[1111,11,1777,674,1011,27,766,12,2636,25],"class_list":{"0":"post-652282","1":"post","2":"type-post","3":"status-publish","4":"format-standard","5":"has-post-thumbnail","7":"category-nantes","8":"tag-actu","9":"tag-actualites","10":"tag-eu","11":"tag-europe","12":"tag-fr","13":"tag-france","14":"tag-nantes","15":"tag-news","16":"tag-pays-de-la-loire","17":"tag-republique-francaise"},"share_on_mastodon":{"url":"https:\/\/pubeurope.com\/@fr\/115866631315717390","error":""},"_links":{"self":[{"href":"https:\/\/www.europesays.com\/fr\/wp-json\/wp\/v2\/posts\/652282","targetHints":{"allow":["GET"]}}],"collection":[{"href":"https:\/\/www.europesays.com\/fr\/wp-json\/wp\/v2\/posts"}],"about":[{"href":"https:\/\/www.europesays.com\/fr\/wp-json\/wp\/v2\/types\/post"}],"author":[{"embeddable":true,"href":"https:\/\/www.europesays.com\/fr\/wp-json\/wp\/v2\/users\/2"}],"replies":[{"embeddable":true,"href":"https:\/\/www.europesays.com\/fr\/wp-json\/wp\/v2\/comments?post=652282"}],"version-history":[{"count":0,"href":"https:\/\/www.europesays.com\/fr\/wp-json\/wp\/v2\/posts\/652282\/revisions"}],"wp:featuredmedia":[{"embeddable":true,"href":"https:\/\/www.europesays.com\/fr\/wp-json\/wp\/v2\/media\/652283"}],"wp:attachment":[{"href":"https:\/\/www.europesays.com\/fr\/wp-json\/wp\/v2\/media?parent=652282"}],"wp:term":[{"taxonomy":"category","embeddable":true,"href":"https:\/\/www.europesays.com\/fr\/wp-json\/wp\/v2\/categories?post=652282"},{"taxonomy":"post_tag","embeddable":true,"href":"https:\/\/www.europesays.com\/fr\/wp-json\/wp\/v2\/tags?post=652282"}],"curies":[{"name":"wp","href":"https:\/\/api.w.org\/{rel}","templated":true}]}}