{"id":652284,"date":"2026-01-09T18:47:12","date_gmt":"2026-01-09T18:47:12","guid":{"rendered":"https:\/\/www.europesays.com\/fr\/652284\/"},"modified":"2026-01-09T18:47:12","modified_gmt":"2026-01-09T18:47:12","slug":"en-direct-les-voeux-2026-de-johanna-rolland","status":"publish","type":"post","link":"https:\/\/www.europesays.com\/fr\/652284\/","title":{"rendered":"[EN DIRECT] Les v\u0153ux 2026 de Johanna Rolland"},"content":{"rendered":"<p>Moment fort comme chaque ann\u00e9e pour Johanna Rolland et les \u00e9lus, les v\u0153ux de la municipalit\u00e9 aux Nantaises et aux Nantais se d\u00e9clinent autour de 8 grands rendez-vous en proximit\u00e9. Au programme : rencontre avec les \u00e9quipes de la Ville, \u00e9changes avec les \u00e9lus et adjoints de quartier.<\/p>\n<p><strong>Les 8 dates et lieux des c\u00e9r\u00e9monies de v\u0153ux :<\/strong><\/p>\n<ul>\n<li><strong>Samedi 10 janvier \u00e0 11h &#8211; Quartiers Ile de Nantes et Nantes Sud<\/strong><br \/>\u00e0 la <a href=\"https:\/\/metropole.nantes.fr\/lieu\/maison-de-quartier-des-confluences\" title=\"Maison de quartier des Confluences\" data-entity-type=\"node\" data-entity-uuid=\"8bc4940f-e0c2-4678-922c-4946e4add534\" data-entity-substitution=\"canonical\" target=\"_blank\" rel=\"noopener\">Maison de quartier des Confluences<\/a>, 4, place du Muguet Nantais &#8211; Ligne 4 : arr\u00eat Clos Toreau<\/li>\n<li><strong>Samedi 10 janvier \u00e0 16h &#8211; Quartier Malakoff-Saint-Donatien<\/strong><br \/>\u00e0 la <a href=\"https:\/\/metropole.nantes.fr\/lieu\/maison-de-quartier-des-haubans\" title=\"Maison de quartier des Haubans\" data-entity-type=\"node\" data-entity-uuid=\"21657ee3-70c9-4132-bd41-99db6ef518b8\" data-entity-substitution=\"canonical\" target=\"_blank\" rel=\"noopener\">Maison de quartier des Haubans<\/a>, 1 Bis, boulevard de Berlin &#8211; Lignes 5, C3, NS : arr\u00eat Haubans<\/li>\n<li><strong>Lundi 12 janvier \u00e0 18h &#8211; Quartiers Nantes Erdre et Doulon-Botti\u00e8re<\/strong><br \/>\u00e0 la Salle festive Nantes Erdre &#8211; 251, route de Saint-Joseph &#8211; Ligne 1 : arr\u00eat Ranzay<\/li>\n<li><strong>Vendredi 16 janvier \u00e0 18h &#8211; Quartiers centre-ville et Hauts-Pav\u00e9s Saint-F\u00e9lix<\/strong><br \/>au Salon Mauduit &#8211; P\u00f4le associatif D\u00e9sir\u00e9-Colombe 8, rue Ars\u00e8ne-Leloup &#8211; Ligne 1 : arr\u00eat Chantiers Navals<\/li>\n<li><strong>Samedi 17 janvier \u00e0 16h &#8211; Quartier Dervalli\u00e8res-Zola<\/strong><br \/>\u00e0 la <a href=\"https:\/\/metropole.nantes.fr\/lieu\/maison-de-quartier-des-dervallieres\" title=\"Maison de quartier des Dervalli\u00e8res\" data-entity-type=\"node\" data-entity-uuid=\"9994c7ff-5b8a-4dba-bb54-79e6f3cf5ce3\" data-entity-substitution=\"canonical\" target=\"_blank\" rel=\"noopener\">Maison de quartier des Dervalli\u00e8res<\/a> &#8211; 5, rue Auguste-Renoir &#8211; Ligne C6 : arr\u00eat Saint-Laurent<\/li>\n<li><strong>Lundi 19 janvier \u00e0 18h30 &#8211;\u00a0Quartier Nantes Nord\u00a0<\/strong><br \/>\u00e0 la Salle festive Nantes Nord &#8211; 73, avenue du Bout-des-Landes &#8211; Lignes 50, 59 ou C2 : arr\u00eat Les Roches<\/li>\n<li><strong>Vendredi 23 janvier \u00e0 18h30 &#8211;\u00a0Quartier Breil-Barberie\u00a0<\/strong><br \/>\u00e0 <a href=\"https:\/\/metropole.nantes.fr\/lieu\/ecole-elementaire-des-plantes\" data-entity-type=\"node\" data-entity-uuid=\"306bfd0d-7ed8-4a32-acc1-23cc5ca5e777\" data-entity-substitution=\"canonical\" title=\"Ecole El\u00e9mentaire des Plantes\" target=\"_blank\" rel=\"noopener\">L&rsquo;\u00c9cole des Plantes<\/a> &#8211; 19, rue des Plantes &#8211; Ligne 3 : arr\u00eat Longchamp<\/li>\n<li><strong>Samedi 24 janvier \u00e0 16h &#8211; Quartier Bellevue-Chantenay-Sainte-Anne<\/strong><br \/>\u00e0 la <a href=\"https:\/\/metropole.nantes.fr\/lieu\/maison-des-habitants-et-du-citoyen-de-bellevue\" title=\"Maison des Habitants et du Citoyen\" data-entity-type=\"node\" data-entity-uuid=\"891c99c1-d7ef-48a0-acbd-b2ba519bd12d\" data-entity-substitution=\"canonical\" target=\"_blank\" rel=\"noopener\">Maison des Habitants et du Citoyen<\/a>, 1, square des Lauriers &#8211; Michelle Palas &#8211; Ligne 1 : arr\u00eat Lauriers<\/li>\n<\/ul>\n","protected":false},"excerpt":{"rendered":"Moment fort comme chaque ann\u00e9e pour Johanna Rolland et les \u00e9lus, les v\u0153ux de la municipalit\u00e9 aux Nantaises&hellip;\n","protected":false},"author":2,"featured_media":652285,"comment_status":"","ping_status":"","sticky":false,"template":"","format":"standard","meta":{"footnotes":""},"categories":[2818],"tags":[1111,11,1777,674,1011,27,766,12,2636,25],"class_list":{"0":"post-652284","1":"post","2":"type-post","3":"status-publish","4":"format-standard","5":"has-post-thumbnail","7":"category-nantes","8":"tag-actu","9":"tag-actualites","10":"tag-eu","11":"tag-europe","12":"tag-fr","13":"tag-france","14":"tag-nantes","15":"tag-news","16":"tag-pays-de-la-loire","17":"tag-republique-francaise"},"share_on_mastodon":{"url":"https:\/\/pubeurope.com\/@fr\/115866635068995436","error":""},"_links":{"self":[{"href":"https:\/\/www.europesays.com\/fr\/wp-json\/wp\/v2\/posts\/652284","targetHints":{"allow":["GET"]}}],"collection":[{"href":"https:\/\/www.europesays.com\/fr\/wp-json\/wp\/v2\/posts"}],"about":[{"href":"https:\/\/www.europesays.com\/fr\/wp-json\/wp\/v2\/types\/post"}],"author":[{"embeddable":true,"href":"https:\/\/www.europesays.com\/fr\/wp-json\/wp\/v2\/users\/2"}],"replies":[{"embeddable":true,"href":"https:\/\/www.europesays.com\/fr\/wp-json\/wp\/v2\/comments?post=652284"}],"version-history":[{"count":0,"href":"https:\/\/www.europesays.com\/fr\/wp-json\/wp\/v2\/posts\/652284\/revisions"}],"wp:featuredmedia":[{"embeddable":true,"href":"https:\/\/www.europesays.com\/fr\/wp-json\/wp\/v2\/media\/652285"}],"wp:attachment":[{"href":"https:\/\/www.europesays.com\/fr\/wp-json\/wp\/v2\/media?parent=652284"}],"wp:term":[{"taxonomy":"category","embeddable":true,"href":"https:\/\/www.europesays.com\/fr\/wp-json\/wp\/v2\/categories?post=652284"},{"taxonomy":"post_tag","embeddable":true,"href":"https:\/\/www.europesays.com\/fr\/wp-json\/wp\/v2\/tags?post=652284"}],"curies":[{"name":"wp","href":"https:\/\/api.w.org\/{rel}","templated":true}]}}