{"id":652286,"date":"2026-01-09T18:48:10","date_gmt":"2026-01-09T18:48:10","guid":{"rendered":"https:\/\/www.europesays.com\/fr\/652286\/"},"modified":"2026-01-09T18:48:10","modified_gmt":"2026-01-09T18:48:10","slug":"a-bordeaux-des-lyceens-stmg-de-la-region-recoivent-un-prix-dexcellence-en-economie","status":"publish","type":"post","link":"https:\/\/www.europesays.com\/fr\/652286\/","title":{"rendered":"\u00c0 Bordeaux, des lyc\u00e9ens STMG de la r\u00e9gion re\u00e7oivent un prix d\u2019excellence en \u00e9conomie"},"content":{"rendered":"<p>Tous les candidats ont planch\u00e9 pendant quatre heures sur un dossier pour livrer une dissertation sur le th\u00e8me de l\u2019\u00e9pargne, \u00ab\u00a0r\u00e9dig\u00e9e au stylo, une prouesse \u00e0 l\u2019\u00e9poque des portables\u00a0\u00bb, s\u2019amuse la directrice. \u00ab\u00a0On n\u2019est pas l\u00e0 pour louer le CAC\u00a040. \u00c0 l\u2019inverse, on rappelle que l\u2019enseignement de l\u2019\u00e9conomie est un enjeu social et d\u00e9mocratique\u00a0\u00bb, insiste le recteur Jean-Marc Huart, lui-m\u00eame ex-prof de sciences \u00e9co.<\/p>\n<p>Valorisation<\/p>\n<p>Les trois laur\u00e9ats ont re\u00e7u leur prix, accompagn\u00e9 de leur prof d\u2019\u00e9co et de membres de leurs familles. Julia Guzman (lyc\u00e9e Sainte-Marie Bastide), s\u2019est class\u00e9e premi\u00e8re gr\u00e2ce \u00e0 sa copie \u00ab\u00a0d\u2019une grande rigueur\u00a0\u00bb, qui sera aussi \u00e9valu\u00e9e pour le prix national. \u00ab\u00a0Mon prof m\u2019a donn\u00e9 une bonne m\u00e9thode\u00a0\u00bb, dit la Bordelaise, \u00ab\u00a0inscrite dans cette fili\u00e8re par choix\u00a0\u00bb, que ce succ\u00e8s inattendu pousse \u00e0 s\u2019int\u00e9resser de plus pr\u00e8s aux pr\u00e9pas ECT. \u00ab\u00a0Je me suis renseign\u00e9e sur le top\u00a05 des \u00e9coles de management.\u00a0\u00bb<\/p>\n","protected":false},"excerpt":{"rendered":"Tous les candidats ont planch\u00e9 pendant quatre heures sur un dossier pour livrer une dissertation sur le th\u00e8me&hellip;\n","protected":false},"author":2,"featured_media":652287,"comment_status":"","ping_status":"","sticky":false,"template":"","format":"standard","meta":{"footnotes":""},"categories":[2817],"tags":[1111,11,1997,1777,674,1011,27,12,2219,25],"class_list":{"0":"post-652286","1":"post","2":"type-post","3":"status-publish","4":"format-standard","5":"has-post-thumbnail","7":"category-bordeaux","8":"tag-actu","9":"tag-actualites","10":"tag-bordeaux","11":"tag-eu","12":"tag-europe","13":"tag-fr","14":"tag-france","15":"tag-news","16":"tag-nouvelle-aquitaine","17":"tag-republique-francaise"},"share_on_mastodon":{"url":"https:\/\/pubeurope.com\/@fr\/115866639014523342","error":""},"_links":{"self":[{"href":"https:\/\/www.europesays.com\/fr\/wp-json\/wp\/v2\/posts\/652286","targetHints":{"allow":["GET"]}}],"collection":[{"href":"https:\/\/www.europesays.com\/fr\/wp-json\/wp\/v2\/posts"}],"about":[{"href":"https:\/\/www.europesays.com\/fr\/wp-json\/wp\/v2\/types\/post"}],"author":[{"embeddable":true,"href":"https:\/\/www.europesays.com\/fr\/wp-json\/wp\/v2\/users\/2"}],"replies":[{"embeddable":true,"href":"https:\/\/www.europesays.com\/fr\/wp-json\/wp\/v2\/comments?post=652286"}],"version-history":[{"count":0,"href":"https:\/\/www.europesays.com\/fr\/wp-json\/wp\/v2\/posts\/652286\/revisions"}],"wp:featuredmedia":[{"embeddable":true,"href":"https:\/\/www.europesays.com\/fr\/wp-json\/wp\/v2\/media\/652287"}],"wp:attachment":[{"href":"https:\/\/www.europesays.com\/fr\/wp-json\/wp\/v2\/media?parent=652286"}],"wp:term":[{"taxonomy":"category","embeddable":true,"href":"https:\/\/www.europesays.com\/fr\/wp-json\/wp\/v2\/categories?post=652286"},{"taxonomy":"post_tag","embeddable":true,"href":"https:\/\/www.europesays.com\/fr\/wp-json\/wp\/v2\/tags?post=652286"}],"curies":[{"name":"wp","href":"https:\/\/api.w.org\/{rel}","templated":true}]}}