{"id":652288,"date":"2026-01-09T18:49:11","date_gmt":"2026-01-09T18:49:11","guid":{"rendered":"https:\/\/www.europesays.com\/fr\/652288\/"},"modified":"2026-01-09T18:49:11","modified_gmt":"2026-01-09T18:49:11","slug":"la-circulation-totalement-interrompue-sur-lautoroute-a62-en-direction-de-bordeaux","status":"publish","type":"post","link":"https:\/\/www.europesays.com\/fr\/652288\/","title":{"rendered":"La circulation totalement interrompue sur l\u2019autoroute A62 en direction de Bordeaux"},"content":{"rendered":"<p>                    Par<br \/>\n        <strong><br \/>\n            <a href=\"https:\/\/actu.fr\/auteur\/m-dourlen\" title=\"Consulter tous les articles de Maxence Dourlen\" target=\"_blank\" rel=\"noopener\">Maxence Dourlen<\/a><br \/>\n                    <\/strong><\/p>\n<p>        Publi\u00e9 le<\/p>\n<p>            9 janv. 2026 \u00e0 18h31        <\/p>\n<p>La circulation est <strong>totalement interrompue<\/strong> sur l\u2019autoroute A62 en direction de <a href=\"https:\/\/actu.fr\/bordeaux\/\" target=\"_blank\" rel=\"noopener\">Bordeaux<\/a> ce vendredi 9 janvier 2026 en fin d\u2019apr\u00e8s-midi. \u00c0 18h20, <a href=\"https:\/\/www.vinci-autoroutes.com\/fr\/\" target=\"_blank\" rel=\"noopener\">VINCI Autoroutes<\/a> a signal\u00e9 la pr\u00e9sence d\u2019un <strong>poids lourd<\/strong> en <strong>feu<\/strong> juste apr\u00e8s la sortie n\u00b08 Valence-d\u2019Agen, dans le <a href=\"https:\/\/actu.fr\/occitanie\/tarn-et-garonne_82\" target=\"_blank\" rel=\"noopener\"><strong>Tarn-et-Garonne<\/strong><\/a>. L\u2019incident a n\u00e9cessit\u00e9 la fermeture imm\u00e9diate de l\u2019axe afin de permettre l\u2019intervention des secours et la s\u00e9curisation de la zone.<\/p>\n<p class=\" wall-content\">Face \u00e0 la situation, les autorit\u00e9s ont mis en place une sortie obligatoire \u00e0 Valence-d\u2019Agen. L\u2019entr\u00e9e de l\u2019autoroute \u00e0 cet \u00e9changeur est \u00e9galement interdite dans le sens Bordeaux, afin d\u2019\u00e9viter l\u2019arriv\u00e9e de nouveaux v\u00e9hicules dans la zone sinistr\u00e9e.<\/p>\n<p>    <a href=\"https:\/\/www.google.com\/maps\/embed?pb=!1m18!1m12!1m3!1d45838.5421587718!2d0.8641196757453766!3d44.10587201652313!2m3!1f0!2f0!3f0!3m2!1i1024!2i768!4f13.1!3m3!1m2!1s0x12abbfe20e900bd9%3A0x406f69c2f3bd140!2s82400%20Valence!5e0!3m2!1sfr!2sfr!4v1767979565681!5m2!1sfr!2sfr\" title=\"Ouvrie le lien\" target=\"_blank\" rel=\"noopener\">Cliquez ici pour visualiser le contenu<\/a><\/p>\n<p>Un axe strat\u00e9gique coup\u00e9<\/p>\n<p class=\" wall-content\">L\u2019A62 constitue l\u2019un des principaux axes autoroutiers <strong>entre Toulouse et Bordeaux<\/strong>. La coupure, survenue en pleine fin d\u2019apr\u00e8s-midi, intervient \u00e0 un moment de trafic dense, notamment pour les usagers quittant l\u2019agglom\u00e9ration toulousaine ou traversant le sud-ouest. La fermeture de la voie entra\u00eene des <strong>ralentissements<\/strong> et des reports de circulation importants sur le <strong>r\u00e9seau secondaire<\/strong> autour de Valence-d\u2019Agen.<\/p>\n<p class=\" wall-content\">Les automobilistes sont invit\u00e9s \u00e0 anticiper de fortes perturbations et \u00e0 diff\u00e9rer leurs d\u00e9placements dans la mesure du possible.\u00a0<\/p>\n<p>    <a href=\"https:\/\/www.facebook.com\/plugins\/post.php?href=https%3A%2F%2Fwww.facebook.com%2FPrefet82%2Fposts%2Fpfbid0aA85AVhPUuD9LzXhZR2pH2EdVKdzsXUVRPqUwfN2tPkTymkXJcU2AV1ve89T1vYSl&amp;show_text=true&amp;width=350\" title=\"Ouvrie le lien\" target=\"_blank\" rel=\"noopener\">Cliquez ici pour visualiser le contenu<\/a><\/p>\n<p>Vid\u00e9os : en ce moment sur ActuDes op\u00e9rations de secours en cours<\/p>\n<p class=\" wall-content\">Les \u00e9quipes d\u2019intervention sont mobilis\u00e9es sur place pour <strong>ma\u00eetriser l\u2019incendie<\/strong> et <strong>s\u00e9curiser<\/strong> le poids lourd impliqu\u00e9. Une fois le feu totalement \u00e9teint, des op\u00e9rations de d\u00e9gagement et de nettoyage de la chauss\u00e9e devront \u00eatre men\u00e9es, ce qui pourrait prolonger la fermeture de l\u2019autoroute.<\/p>\n<p class=\" wall-content\">\u00c0 ce stade, aucune information n\u2019a \u00e9t\u00e9 communiqu\u00e9e sur les <strong>causes<\/strong> du sinistre ni sur d\u2019\u00e9ventuelles <strong>victimes<\/strong>. VINCI Autoroutes invite les usagers \u00e0 se tenir inform\u00e9s de l\u2019\u00e9volution de la situation.<\/p>\n<p class=\" wall-content\">Personnalisez votre actualit\u00e9 en ajoutant vos villes et m\u00e9dias en favori avec <a href=\"https:\/\/moncompte.actu.fr\" title=\"D\u00e9couvez Mon Actu\" rel=\"nofollow noopener\" data-trk=\"{&quot;cta&quot;:{&quot;action&quot;:&quot;https:\\\/\\\/moncompte.actu.fr&quot;,&quot;category&quot;:&quot;mon compte&quot;,&quot;from&quot;:&quot;article footer&quot;,&quot;name&quot;:&quot;Mon actu&quot;,&quot;type&quot;:&quot;cta&quot;}}\" target=\"_blank\">Mon Actu<\/a>.<\/p>\n","protected":false},"excerpt":{"rendered":"Par Maxence Dourlen Publi\u00e9 le 9 janv. 2026 \u00e0 18h31 La circulation est totalement interrompue sur l\u2019autoroute A62&hellip;\n","protected":false},"author":2,"featured_media":652289,"comment_status":"","ping_status":"","sticky":false,"template":"","format":"standard","meta":{"footnotes":""},"categories":[2817],"tags":[119,1111,11,6343,1997,1777,674,1011,27,12,2219,25,104],"class_list":{"0":"post-652288","1":"post","2":"type-post","3":"status-publish","4":"format-standard","5":"has-post-thumbnail","7":"category-bordeaux","8":"tag-accident","9":"tag-actu","10":"tag-actualites","11":"tag-autoroute-62-a62","12":"tag-bordeaux","13":"tag-eu","14":"tag-europe","15":"tag-fr","16":"tag-france","17":"tag-news","18":"tag-nouvelle-aquitaine","19":"tag-republique-francaise","20":"tag-societe"},"share_on_mastodon":{"url":"https:\/\/pubeurope.com\/@fr\/115866643000421999","error":""},"_links":{"self":[{"href":"https:\/\/www.europesays.com\/fr\/wp-json\/wp\/v2\/posts\/652288","targetHints":{"allow":["GET"]}}],"collection":[{"href":"https:\/\/www.europesays.com\/fr\/wp-json\/wp\/v2\/posts"}],"about":[{"href":"https:\/\/www.europesays.com\/fr\/wp-json\/wp\/v2\/types\/post"}],"author":[{"embeddable":true,"href":"https:\/\/www.europesays.com\/fr\/wp-json\/wp\/v2\/users\/2"}],"replies":[{"embeddable":true,"href":"https:\/\/www.europesays.com\/fr\/wp-json\/wp\/v2\/comments?post=652288"}],"version-history":[{"count":0,"href":"https:\/\/www.europesays.com\/fr\/wp-json\/wp\/v2\/posts\/652288\/revisions"}],"wp:featuredmedia":[{"embeddable":true,"href":"https:\/\/www.europesays.com\/fr\/wp-json\/wp\/v2\/media\/652289"}],"wp:attachment":[{"href":"https:\/\/www.europesays.com\/fr\/wp-json\/wp\/v2\/media?parent=652288"}],"wp:term":[{"taxonomy":"category","embeddable":true,"href":"https:\/\/www.europesays.com\/fr\/wp-json\/wp\/v2\/categories?post=652288"},{"taxonomy":"post_tag","embeddable":true,"href":"https:\/\/www.europesays.com\/fr\/wp-json\/wp\/v2\/tags?post=652288"}],"curies":[{"name":"wp","href":"https:\/\/api.w.org\/{rel}","templated":true}]}}