{"id":652290,"date":"2026-01-09T18:50:15","date_gmt":"2026-01-09T18:50:15","guid":{"rendered":"https:\/\/www.europesays.com\/fr\/652290\/"},"modified":"2026-01-09T18:50:15","modified_gmt":"2026-01-09T18:50:15","slug":"250-tatoueurs-venus-du-monde-entier-attendus-au-salon-du-tatouage-a-toulouse","status":"publish","type":"post","link":"https:\/\/www.europesays.com\/fr\/652290\/","title":{"rendered":"250 tatoueurs venus du monde entier attendus au salon du tatouage \u00e0 Toulouse"},"content":{"rendered":"<p>                    Par<br \/>\n        <strong><br \/>\n            <a href=\"https:\/\/actu.fr\/auteur\/mareva-laville-actu-fr\" title=\"Consulter tous les articles de Mar\u00e9va Laville\" target=\"_blank\" rel=\"noopener\">Mar\u00e9va Laville<\/a><br \/>\n                    <\/strong><\/p>\n<p>        Publi\u00e9 le<\/p>\n<p>            9 janv. 2026 \u00e0 17h46        <\/p>\n<p>L\u2019heure de la <strong>18e convention internationale du tatouage<\/strong> de <a href=\"http:\/\/www.actu.fr\/toulouse\" target=\"_blank\" rel=\"noopener\">Toulouse<\/a> a sonn\u00e9. Ce week-end des 10 et 11 janvier 2026 aura lieu ce grand rendez-vous, qui lance la saison des conventions de tatouage en France. Direction le centre de congr\u00e8s <strong>Diagora<\/strong> \u00e0 <a href=\"https:\/\/actu.fr\/occitanie\/labege_31254\" target=\"_blank\" rel=\"noopener\">Lab\u00e8ge<\/a>, <a href=\"https:\/\/actu.fr\/occitanie\/labege_31254\/apres-le-fiasco-de-l-an-dernier-la-convention-du-tatouage-de-retour-dans-un-nouveau-cadre-pres-de-toulouse_62068859.html\" target=\"_blank\" rel=\"noopener\">o\u00f9 a d\u00e9m\u00e9nag\u00e9 l\u2019an dernier<\/a> le salon du tatouage, pour ne plus craindre d\u2019\u00e9ventuels<a href=\"https:\/\/actu.fr\/occitanie\/toulouse_31555\/toulouse-en-mal-de-chauffage-le-salon-du-tatouage-tourne-au-fiasco_60560008.html\" target=\"_blank\" rel=\"noopener\"> soucis de chauffage<\/a>.\u00a0<\/p>\n<p>Des tatoueurs du monde entier<\/p>\n<p class=\" wall-content\">Ici, quelque<strong> 250 artistes<\/strong> venus des quatre coins de la France et du monde entier sont attendus <strong>samedi\u00a010 et dimanche 11\u00a0janvier 2026<\/strong> pour pouvoir marquer les peaux de leur plus belle aiguille. \u00ab\u2009Ici, le public peut se faire tatouer par un Chinois, comme un Colombien, un Italien, un Portugais, un Suisse\u2026 C\u2019est \u00e7a la sp\u00e9cificit\u00e9 de la convention de Toulouse et ce qui fait notre renomm\u00e9e\u2009\u00bb, rappelle <strong>Marc Pleux, de l\u2019association organisatrice Au fil de l\u2019encre.<\/strong><\/p>\n<p>Des grands noms chinois et colombiens au rendez-vous<\/p>\n<p class=\" wall-content\">Pour cette 18e \u00e9dition, l\u2019organisateur a fait venir quelques noms bien connus. Ici \u00e0 Toulouse, on reconna\u00eetra \u00e9videmment <strong>Eskimo<\/strong> ou encore <strong>Yosh\u00e9 Inklettres<\/strong> et<strong> Fanny Loor<\/strong>. Mais outre fronti\u00e8re, les amoureux de tatouages pourront prendre leur ticket pour des artistes au travail embl\u00e9matique, comme les Colombiens<strong> Fode Barrio, Miguel Tinta Calavera<\/strong> ou encore<strong> Andr\u00e8s Munoz.<\/strong><\/p>\n<p class=\" wall-content\"><a href=\"https:\/\/www.instagram.com\/p\/DRfPiB_DMbw\/embed\" title=\"Ouvrir le lien sur Instagram\" target=\"_blank\" rel=\"noopener\">Visualiser le contenu sur Instagram<\/a><\/p>\n<p class=\" wall-content\"><a href=\"https:\/\/www.instagram.com\/p\/C9OPRAvM-_a\/embed\" title=\"Ouvrir le lien sur Instagram\" target=\"_blank\" rel=\"noopener\">Visualiser le contenu sur Instagram<\/a><\/p>\n<p class=\" wall-content\">\u00abOn a aussi quatre Chinois qui seront pr\u00e9sents. Ce qui est <strong>assez rare<\/strong>\u2009\u00bb, assure l\u2019organisateur. De tr\u00e8s loin aussi, la Convention du tatouage de Toulouse ouvrira ses portes \u00e0 des Polyn\u00e9siens et un Australien. \u00ab\u2009Tous font du boulot de fou\u2009!\u2009\u00bb<\/p>\n<p>Un concours sur deux jours<\/p>\n<p class=\" wall-content\">L\u2019excitation monte. Les f\u00e9rus de tatouages, bien qu\u2019attendus moins nombreux \u00ab\u2009au vu de la conjoncture de 2025-2026\u2009\u00bb, devraient tout de m\u00eame profiter de l\u2019opportunit\u00e9 de se faire graver dans la peau leur dessin pr\u00e9f\u00e9r\u00e9.<\/p>\n<p class=\" wall-content\">Certains pourraient m\u00eame remporter le traditionnel<strong> concours<\/strong>. Sur deux jours et dans <strong>plusieurs cat\u00e9gories<\/strong> (r\u00e9alisme, tribal\/polyn\u00e9sien, petite pi\u00e8ce couleur, petite pi\u00e8ce noir et gris, grande pi\u00e8ce couleur, grande pi\u00e8ce noir et gris\u2026), les tatoueurs pourront concourir via leurs r\u00e9cents tatou\u00e9s, qui pourront par ailleurs voter lors du concours.<\/p>\n<p>Vid\u00e9os : en ce moment sur ActuDes concerts et des spectacles<\/p>\n<p class=\" wall-content\">C\u00f4t\u00e9 animations, le salon du tatouage 2026 de Toulouse garde ceux qui lui r\u00e9ussissent tels que le groupe de danse fusion tribal Nadyka, une <strong>danseuse de feu<\/strong> ou encore les groupes de <strong>rock alternatif.<\/strong> Bar, restauration et autres stands seront aussi de la partie pour attirer le maximum de visiteurs.<\/p>\n<p>Votre r\u00e9gion, votre actu !<\/p>\n<p>Recevez chaque jour les infos qui comptent pour vous.<\/p>\n<p>\t<a href=\"https:\/\/actu.fr\/newsletter\" class=\"ac-btn ac-btn--corner ac-btn--medium ac-btn--blue800\" target=\"_blank\" rel=\"noopener\">S&rsquo;incrire<\/a><\/p>\n<p class=\" wall-content\">\u00ab\u2009On a aussi redescendu les tarifs\u2009\u00bb, d\u00e9clare Marc Pleux, conscient que la p\u00e9riode \u00ab\u2009n\u2019est pas facile pour tout le monde\u2009\u00bb. Comptez 10\u20ac l\u2019entr\u00e9e cette ann\u00e9e. L\u2019an pass\u00e9, le salon du tatouage toulousain avait re\u00e7u 6\u2009000\u00a0personnes, contre environ 10\u2009000\u00a0\u00e0 12\u2009000 visiteurs les ann\u00e9es pr\u00e9c\u00e9dentes.<\/p>\n<p>    <a href=\"https:\/\/www.google.com\/maps\/embed?pb=!1m18!1m12!1m3!1d2892.091026719562!2d1.5089603888549892!3d43.54214440000001!2m3!1f0!2f0!3f0!3m2!1i1024!2i768!4f13.1!3m3!1m2!1s0x12aebe04df3bc8b5%3A0x558a3b0e268bddf5!2sCentre%20de%20Congr%C3%A8s%20et%20d%E2%80%99Exposition%20Diagora!5e0!3m2!1sfr!2sfr!4v1767777101519!5m2!1sfr!2sfr\" title=\"Ouvrie le lien\" target=\"_blank\" rel=\"noopener\">Cliquez ici pour visualiser le contenu<\/a><\/p>\n<p><strong>Convention du tatouage de Toulouse<\/strong><br \/>Au centre de congr\u00e8s et d\u2019exposition Diagora \u00e0 Lab\u00e8ge<br \/>Samedi\u00a010 et dimanche 11\u00a0janvier 2026.<br \/>Prix d\u2019entr\u00e9e\u2009: 10\u20ac par jour et par personne. Gratuit pour les -12\u00a0ans accompagn\u00e9s. Horaires du salon\u2009: samedi de 10h \u00e0 20h, et dimanche de 10h \u00e0 19h.<\/p>\n<p class=\" wall-content\">Personnalisez votre actualit\u00e9 en ajoutant vos villes et m\u00e9dias en favori avec <a href=\"https:\/\/moncompte.actu.fr\" title=\"D\u00e9couvez Mon Actu\" rel=\"nofollow noopener\" data-trk=\"{&quot;cta&quot;:{&quot;action&quot;:&quot;https:\\\/\\\/moncompte.actu.fr&quot;,&quot;category&quot;:&quot;mon compte&quot;,&quot;from&quot;:&quot;article footer&quot;,&quot;name&quot;:&quot;Mon actu&quot;,&quot;type&quot;:&quot;cta&quot;}}\" target=\"_blank\">Mon Actu<\/a>.<\/p>\n<p>                    <script async src=\"\/\/www.instagram.com\/embed.js\"><\/script><\/p>\n","protected":false},"excerpt":{"rendered":"Par Mar\u00e9va Laville Publi\u00e9 le 9 janv. 2026 \u00e0 17h46 L\u2019heure de la 18e convention internationale du tatouage&hellip;\n","protected":false},"author":2,"featured_media":652291,"comment_status":"","ping_status":"","sticky":false,"template":"","format":"standard","meta":{"footnotes":""},"categories":[2816],"tags":[1111,11,1777,674,1011,27,1652,12,2680,25,3735,2312],"class_list":{"0":"post-652290","1":"post","2":"type-post","3":"status-publish","4":"format-standard","5":"has-post-thumbnail","7":"category-toulouse","8":"tag-actu","9":"tag-actualites","10":"tag-eu","11":"tag-europe","12":"tag-fr","13":"tag-france","14":"tag-loisirs-culture","15":"tag-news","16":"tag-occitanie","17":"tag-republique-francaise","18":"tag-tatouage","19":"tag-toulouse"},"share_on_mastodon":{"url":"https:\/\/pubeurope.com\/@fr\/115866646881077535","error":""},"_links":{"self":[{"href":"https:\/\/www.europesays.com\/fr\/wp-json\/wp\/v2\/posts\/652290","targetHints":{"allow":["GET"]}}],"collection":[{"href":"https:\/\/www.europesays.com\/fr\/wp-json\/wp\/v2\/posts"}],"about":[{"href":"https:\/\/www.europesays.com\/fr\/wp-json\/wp\/v2\/types\/post"}],"author":[{"embeddable":true,"href":"https:\/\/www.europesays.com\/fr\/wp-json\/wp\/v2\/users\/2"}],"replies":[{"embeddable":true,"href":"https:\/\/www.europesays.com\/fr\/wp-json\/wp\/v2\/comments?post=652290"}],"version-history":[{"count":0,"href":"https:\/\/www.europesays.com\/fr\/wp-json\/wp\/v2\/posts\/652290\/revisions"}],"wp:featuredmedia":[{"embeddable":true,"href":"https:\/\/www.europesays.com\/fr\/wp-json\/wp\/v2\/media\/652291"}],"wp:attachment":[{"href":"https:\/\/www.europesays.com\/fr\/wp-json\/wp\/v2\/media?parent=652290"}],"wp:term":[{"taxonomy":"category","embeddable":true,"href":"https:\/\/www.europesays.com\/fr\/wp-json\/wp\/v2\/categories?post=652290"},{"taxonomy":"post_tag","embeddable":true,"href":"https:\/\/www.europesays.com\/fr\/wp-json\/wp\/v2\/tags?post=652290"}],"curies":[{"name":"wp","href":"https:\/\/api.w.org\/{rel}","templated":true}]}}