{"id":652314,"date":"2026-01-09T19:05:17","date_gmt":"2026-01-09T19:05:17","guid":{"rendered":"https:\/\/www.europesays.com\/fr\/652314\/"},"modified":"2026-01-09T19:05:17","modified_gmt":"2026-01-09T19:05:17","slug":"ukraine-a-kharkiv-des-milliers-de-civils-trouvent-refuge-loin-des-bombardements-reportage-international","status":"publish","type":"post","link":"https:\/\/www.europesays.com\/fr\/652314\/","title":{"rendered":"Ukraine: \u00e0 Kharkiv, des milliers de civils trouvent refuge loin des bombardements &#8211; Reportage international"},"content":{"rendered":"<p class=\"t-content__chapo\">\n                                                En Ukraine, alors que les bombardements russes continuent quotidiennement le long de la ligne de front, les \u00e9vacuations de civils de ces zones rouges se poursuivent et des milliers de personnes arrivent chaque mois dans des villes moins expos\u00e9es. Dans l&rsquo;est du pays, la r\u00e9gion de Kharkiv est particuli\u00e8rement touch\u00e9e par les d\u00e9placements de population. Reportage de notre correspondante \u00e0 Kharkiv, dans l&rsquo;un des h\u00e9bergements d&rsquo;urgence o\u00f9 sont accueillis ces personnes.                    <\/p>\n<p><img fetchpriority=\"low\" decoding=\"async\" src=\"https:\/\/www.europesays.com\/fr\/wp-content\/uploads\/2026\/01\/Maria-et-Anatolyi-Kupyansk-1.jpg\"   width=\"1024\" height=\"576\" alt=\"Maria et Anatolyi, un couple de retrait\u00e9s de la r\u00e9gion de Kupyansk, dans le centre d'h\u00e9bergement temporaire qui les accueille depuis leur d\u00e9part de la r\u00e9gion de Kupiansk.\" loading=\"eager\" class=\"a-img \"\/><\/p>\n<p>                Maria et Anatolyi, un couple de retrait\u00e9s de la r\u00e9gion de Kupyansk, dans le centre d&rsquo;h\u00e9bergement temporaire qui les accueille depuis leur d\u00e9part de la r\u00e9gion de Kupiansk.                \u00a9 Emmanuelle Chaze\/RFI            <\/p>\n<p><strong>Suivez\u00a0nos derni\u00e8res infos, reportages et \u00e9missions\u00a0sur la <a target=\"_self\" href=\"https:\/\/www.rfi.fr\/fr\/tag\/ukraine\/\" rel=\"noopener\">guerre en Ukraine<\/a><\/strong><\/p>\n","protected":false},"excerpt":{"rendered":"En Ukraine, alors que les bombardements russes continuent quotidiennement le long de la ligne de front, les \u00e9vacuations&hellip;\n","protected":false},"author":2,"featured_media":652315,"comment_status":"","ping_status":"","sticky":false,"template":"","format":"standard","meta":{"footnotes":""},"categories":[1590],"tags":[11,1777,674,12,2436,220],"class_list":{"0":"post-652314","1":"post","2":"type-post","3":"status-publish","4":"format-standard","5":"has-post-thumbnail","7":"category-ukraine","8":"tag-actualites","9":"tag-eu","10":"tag-europe","11":"tag-news","12":"tag-reportage-international","13":"tag-ukraine"},"share_on_mastodon":{"url":"https:\/\/pubeurope.com\/@fr\/115866705887003855","error":""},"_links":{"self":[{"href":"https:\/\/www.europesays.com\/fr\/wp-json\/wp\/v2\/posts\/652314","targetHints":{"allow":["GET"]}}],"collection":[{"href":"https:\/\/www.europesays.com\/fr\/wp-json\/wp\/v2\/posts"}],"about":[{"href":"https:\/\/www.europesays.com\/fr\/wp-json\/wp\/v2\/types\/post"}],"author":[{"embeddable":true,"href":"https:\/\/www.europesays.com\/fr\/wp-json\/wp\/v2\/users\/2"}],"replies":[{"embeddable":true,"href":"https:\/\/www.europesays.com\/fr\/wp-json\/wp\/v2\/comments?post=652314"}],"version-history":[{"count":0,"href":"https:\/\/www.europesays.com\/fr\/wp-json\/wp\/v2\/posts\/652314\/revisions"}],"wp:featuredmedia":[{"embeddable":true,"href":"https:\/\/www.europesays.com\/fr\/wp-json\/wp\/v2\/media\/652315"}],"wp:attachment":[{"href":"https:\/\/www.europesays.com\/fr\/wp-json\/wp\/v2\/media?parent=652314"}],"wp:term":[{"taxonomy":"category","embeddable":true,"href":"https:\/\/www.europesays.com\/fr\/wp-json\/wp\/v2\/categories?post=652314"},{"taxonomy":"post_tag","embeddable":true,"href":"https:\/\/www.europesays.com\/fr\/wp-json\/wp\/v2\/tags?post=652314"}],"curies":[{"name":"wp","href":"https:\/\/api.w.org\/{rel}","templated":true}]}}